{"id":22084,"date":"2015-01-28T10:41:07","date_gmt":"2015-01-28T08:41:07","guid":{"rendered":"http:\/\/www.sana.sy\/tr\/?p=22084"},"modified":"2015-01-28T10:41:07","modified_gmt":"2015-01-28T08:41:07","slug":"lahham-teroru-destekleyen-devletler-suriye-halki-ve-evlatlarinin-kaniyla-ticaret-yapiyor","status":"publish","type":"post","link":"https:\/\/archive.sana.sy\/tr\/?p=22084","title":{"rendered":"Lahham: Ter\u00f6r\u00fc Destekleyen Devletler Suriye Halk\u0131 ve Evlatlar\u0131n\u0131n Kan\u0131yla Ticaret Yap\u0131yor"},"content":{"rendered":"<p>\u015eAM \u2013 Halk Meclisi Ba\u015fkan\u0131 Muhammed Cihat el Lahham, Suriye&#8217;de kaos ve \u015fiddeti destekleyen devletlerin Suriye halk\u0131n\u0131n \u00e7\u0131karlar\u0131n\u0131 ve evlatlar\u0131n\u0131n geleceklerini hi\u00e7bir \u015fekilde \u00f6nemsemeyerek fitne politikalar\u0131na hizmet ettiklerini dile getirdi.<\/p>\n<p>\u015eam\u2019\u0131n Meydan Semtinden din adamlar\u0131, halk temsilcileri ve ulusal uzla\u015fma komisyonu temsilcilerinden olu\u015fan bir heyetle g\u00f6r\u00fc\u015fen Lahham; Suriye&#8217;de \u015fiddet ve ter\u00f6r\u00fc destekleyen devletlerin Suriye halk\u0131 ve evlatlar\u0131n\u0131n kan\u0131yla ticaret yapt\u0131\u011f\u0131n\u0131n alt\u0131n\u0131 \u00e7izerek Suriye&#8217;yi hedef alan uluslararas\u0131 ter\u00f6r\u00fcn hi\u00e7bir istisna g\u00f6zetmeden b\u00fct\u00fcn Suriyelileri hedef ald\u0131\u011f\u0131n\u0131 vurgulad\u0131.<\/p>\n<p>Meydan Semti sakinlerinin \u015eam\u2019\u0131n en kadim ahalisinden oldu\u011funu ifade eden Lahham; \u00fclkede ya\u015fanan krizin ilk g\u00fcnlerinden itibaren vatansever bir duru\u015f sergileyen Meydan Semti sakinlerinin Suriye&#8217;nin gelece\u011fini vatan evlatlar\u0131n\u0131n kendi elleriyle in\u015fa edilece\u011finin bilincinde olduklar\u0131n\u0131 belirtti.<\/p>\n<p>Suriye devletinin uzun zaman \u00f6ncesinde ulusal reformlar\u0131 destekledi\u011fini ve bu topraklarda akan kan\u0131n durmas\u0131 i\u00e7in samimi bir \u015fekilde \u00e7aba g\u00f6stermeye haz\u0131r oldu\u011funu kan\u0131tlad\u0131\u011f\u0131na dikkat \u00e7eken Lahham; bu topraklarda kalk\u0131nma, geli\u015fme ve uygarl\u0131\u011f\u0131n tarih boyunca vatan evlatlar\u0131n\u0131n \u00e7abas\u0131 ve u\u011fra\u015f\u0131yla ger\u00e7ekle\u015fti\u011fini ve bundan sonra da hi\u00e7bir d\u0131\u015f m\u00fcdahaleye yer vermeden bu kalk\u0131nma ve geli\u015fimin s\u00fcrd\u00fcr\u00fclece\u011fini ibraz etti.<\/p>\n<p>\u00d6te yandan Halk Meclisi Ulusal Uzla\u015fma Komisyonu Ba\u015fkan\u0131 \u00d6mer Osi; komisyonun ilgili kurumlarla i\u015fbirli\u011fi i\u00e7erisinde \u00e7al\u0131\u015fmalar\u0131n\u0131 s\u00fcrd\u00fcrd\u00fc\u011f\u00fcne i\u015faret ederek tutuklular ve kay\u0131p vatanda\u015flar\u0131n dosyalar\u0131n\u0131n bu \u00e7al\u0131\u015fmalar\u0131n en \u00f6nemli unsurlar\u0131 aras\u0131nda yer ald\u0131\u011f\u0131n\u0131 belirtti.<\/p>\n<p>F.B. &#8211; R.H.<\/p>\n","protected":false},"excerpt":{"rendered":"<p>\u015eAM \u2013 Halk Meclisi Ba\u015fkan\u0131 Muhammed Cihat el Lahham, Suriye&#8217;de kaos ve \u015fiddeti destekleyen devletlerin Suriye halk\u0131n\u0131n \u00e7\u0131karlar\u0131n\u0131 ve evlatlar\u0131n\u0131n geleceklerini hi\u00e7bir \u015fekilde \u00f6nemsemeyerek fitne politikalar\u0131na hizmet ettiklerini dile getirdi. \u015eam\u2019\u0131n Meydan Semtinden din adamlar\u0131, halk temsilcileri ve ulusal uzla\u015fma komisyonu temsilcilerinden olu\u015fan bir heyetle g\u00f6r\u00fc\u015fen Lahham; Suriye&#8217;de \u015fiddet ve ter\u00f6r\u00fc destekleyen devletlerin Suriye halk\u0131 &hellip;<\/p>\n","protected":false},"author":1,"featured_media":22089,"comment_status":"closed","ping_status":"closed","sticky":false,"template":"","format":"standard","meta":{"footnotes":""},"categories":[479,478],"tags":[10767,10766,10764,10765],"class_list":["post-22084","post","type-post","status-publish","format-standard","has-post-thumbnail","","category-haberler-yerel","category-yerel","tag-gelisme-ve-uygarligin-tarih-boyunca-vatan-evlatlarinin-cabasi-ve-ugrasiyla-gerceklestigini-ve-bundan-sonra-da-hicbir-dis-mudahaleye-yer-vermeden-bu-kalkinma-ve-gelisimin-surdurulecegini-ibraz-etti-ot","tag-halk-temsilcileri-ve-ulusal-uzlasma-komisyonu-temsilcilerinden-olusan-bir-heyetle-gorusen-lahham-suriyede-siddet-ve-teroru-destekleyen-devletlerin-suriye-halki-ve-evlatlarinin-kaniyla-ticaret-yaptig","tag-lahham-teroru-destekleyen-devletler-suriye-halki-ve-evlatlarinin-kaniyla-ticaret-yapiyor-sam-halk-meclisi-baskani-muhammed-cihat-el-lahham","tag-suriyede-kaos-ve-siddeti-destekleyen-devletlerin-suriye-halkinin-cikarlarini-ve-evlatlarinin-geleceklerini-hicbir-sekilde-onemsemeyerek-fitne-politikalarina-hizmet-ettiklerini-dile-getirdi-sam"],"_links":{"self":[{"href":"https:\/\/archive.sana.sy\/tr\/index.php?rest_route=\/wp\/v2\/posts\/22084","targetHints":{"allow":["GET"]}}],"collection":[{"href":"https:\/\/archive.sana.sy\/tr\/index.php?rest_route=\/wp\/v2\/posts"}],"about":[{"href":"https:\/\/archive.sana.sy\/tr\/index.php?rest_route=\/wp\/v2\/types\/post"}],"author":[{"embeddable":true,"href":"https:\/\/archive.sana.sy\/tr\/index.php?rest_route=\/wp\/v2\/users\/1"}],"replies":[{"embeddable":true,"href":"https:\/\/archive.sana.sy\/tr\/index.php?rest_route=%2Fwp%2Fv2%2Fcomments&post=22084"}],"version-history":[{"count":0,"href":"https:\/\/archive.sana.sy\/tr\/index.php?rest_route=\/wp\/v2\/posts\/22084\/revisions"}],"wp:featuredmedia":[{"embeddable":true,"href":"https:\/\/archive.sana.sy\/tr\/index.php?rest_route=\/wp\/v2\/media\/22089"}],"wp:attachment":[{"href":"https:\/\/archive.sana.sy\/tr\/index.php?rest_route=%2Fwp%2Fv2%2Fmedia&parent=22084"}],"wp:term":[{"taxonomy":"category","embeddable":true,"href":"https:\/\/archive.sana.sy\/tr\/index.php?rest_route=%2Fwp%2Fv2%2Fcategories&post=22084"},{"taxonomy":"post_tag","embeddable":true,"href":"https:\/\/archive.sana.sy\/tr\/index.php?rest_route=%2Fwp%2Fv2%2Ftags&post=22084"}],"curies":[{"name":"wp","href":"https:\/\/api.w.org\/{rel}","templated":true}]}}