{"id":22092,"date":"2015-01-28T10:43:15","date_gmt":"2015-01-28T08:43:15","guid":{"rendered":"http:\/\/www.sana.sy\/tr\/?p=22092"},"modified":"2015-01-28T10:43:15","modified_gmt":"2015-01-28T08:43:15","slug":"caferi-turkiye-ve-suudi-arabistanin-teroristlere-gonderdikleri-yardimlarin-suriyelileri-oldurmek-icin-silah-ve-techizattan-ibaret-oldugunun-artik-herkes-tarafindan-bilindigini-turkiye-hukum","status":"publish","type":"post","link":"https:\/\/archive.sana.sy\/tr\/?p=22092","title":{"rendered":"Caferi, T\u00fcrkiye ve Suudi Arabistan\u2019\u0131n ter\u00f6ristlere g\u00f6nderdikleri yard\u0131mlar\u0131n Suriyelileri \u00f6ld\u00fcrmek i\u00e7in silah ve te\u00e7hizattan ibaret oldu\u011funun art\u0131k herkes taraf\u0131ndan bilindi\u011fini, T\u00fcrkiye h\u00fck\u00fcmetinin yakalad\u0131\u011f\u0131 t\u0131rlar ile Suudi Arabistan\u2019\u0131n \u00dcrd\u00fcn s\u0131n\u0131r\u0131 yoluyla g\u00f6nderdi\u011fi silah dolu kargolar\u0131n buna \u015fahit oldu\u011funu belirtti."},"content":{"rendered":"<p>Caferi, T\u00fcrkiye ve Suudi Arabistan\u2019\u0131n ter\u00f6ristlere g\u00f6nderdikleri yard\u0131mlar\u0131n Suriyelileri \u00f6ld\u00fcrmek i\u00e7in silah ve te\u00e7hizattan ibaret oldu\u011funun art\u0131k herkes taraf\u0131ndan bilindi\u011fini, T\u00fcrkiye h\u00fck\u00fcmetinin yakalad\u0131\u011f\u0131 t\u0131rlar ile Suudi Arabistan\u2019\u0131n \u00dcrd\u00fcn s\u0131n\u0131r\u0131 yoluyla g\u00f6nderdi\u011fi silah dolu kargolar\u0131n buna \u015fahit oldu\u011funu belirtti.<\/p>\n","protected":false},"excerpt":{"rendered":"<p>Caferi, T\u00fcrkiye ve Suudi Arabistan\u2019\u0131n ter\u00f6ristlere g\u00f6nderdikleri yard\u0131mlar\u0131n Suriyelileri \u00f6ld\u00fcrmek i\u00e7in silah ve te\u00e7hizattan ibaret oldu\u011funun art\u0131k herkes taraf\u0131ndan bilindi\u011fini, T\u00fcrkiye h\u00fck\u00fcmetinin yakalad\u0131\u011f\u0131 t\u0131rlar ile Suudi Arabistan\u2019\u0131n \u00dcrd\u00fcn s\u0131n\u0131r\u0131 yoluyla g\u00f6nderdi\u011fi silah dolu kargolar\u0131n buna \u015fahit oldu\u011funu belirtti.<\/p>\n","protected":false},"author":1,"featured_media":0,"comment_status":"closed","ping_status":"closed","sticky":false,"template":"","format":"standard","meta":{"footnotes":""},"categories":[1],"tags":[5735,10769,10768],"class_list":["post-22092","post","type-post","status-publish","format-standard","","category-news-not-sorted","tag-caferi","tag-turkiye-hukumetinin-yakaladigi-tirlar-ile-suudi-arabistanin-urdun-siniri-yoluyla-gonderdigi-silah-dolu-kargolarin-buna-sahit-oldugunu-belirtti","tag-turkiye-ve-suudi-arabistanin-teroristlere-gonderdikleri-yardimlarin-suriyelileri-oldurmek-icin-silah-ve-techizattan-ibaret-oldugunun-artik-herkes-tarafindan-bilindigini"],"_links":{"self":[{"href":"https:\/\/archive.sana.sy\/tr\/index.php?rest_route=\/wp\/v2\/posts\/22092","targetHints":{"allow":["GET"]}}],"collection":[{"href":"https:\/\/archive.sana.sy\/tr\/index.php?rest_route=\/wp\/v2\/posts"}],"about":[{"href":"https:\/\/archive.sana.sy\/tr\/index.php?rest_route=\/wp\/v2\/types\/post"}],"author":[{"embeddable":true,"href":"https:\/\/archive.sana.sy\/tr\/index.php?rest_route=\/wp\/v2\/users\/1"}],"replies":[{"embeddable":true,"href":"https:\/\/archive.sana.sy\/tr\/index.php?rest_route=%2Fwp%2Fv2%2Fcomments&post=22092"}],"version-history":[{"count":0,"href":"https:\/\/archive.sana.sy\/tr\/index.php?rest_route=\/wp\/v2\/posts\/22092\/revisions"}],"wp:attachment":[{"href":"https:\/\/archive.sana.sy\/tr\/index.php?rest_route=%2Fwp%2Fv2%2Fmedia&parent=22092"}],"wp:term":[{"taxonomy":"category","embeddable":true,"href":"https:\/\/archive.sana.sy\/tr\/index.php?rest_route=%2Fwp%2Fv2%2Fcategories&post=22092"},{"taxonomy":"post_tag","embeddable":true,"href":"https:\/\/archive.sana.sy\/tr\/index.php?rest_route=%2Fwp%2Fv2%2Ftags&post=22092"}],"curies":[{"name":"wp","href":"https:\/\/api.w.org\/{rel}","templated":true}]}}