{"id":221000,"date":"2020-10-27T23:55:13","date_gmt":"2020-10-27T20:55:13","guid":{"rendered":"http:\/\/107.6.182.27\/tr\/?p=221000"},"modified":"2020-10-28T19:16:59","modified_gmt":"2020-10-28T16:16:59","slug":"caferi-abd-yonetimi-ve-avrupa-birligi-tek-tarafli-zorlayici-onlemler-alarak-suriyeye-karsi-ekonomik-terorizmi-surduruyor","status":"publish","type":"post","link":"https:\/\/archive.sana.sy\/tr\/?p=221000","title":{"rendered":"Caferi: ABD Y\u00f6netimi Ve Avrupa Birli\u011fi, Tek Tarafl\u0131 Zorlay\u0131c\u0131 \u00d6nlemler Alarak Suriye&#8217;ye Kar\u015f\u0131 Ekonomik Ter\u00f6rizmi S\u00fcrd\u00fcr\u00fcyor"},"content":{"rendered":"<p style=\"text-align: justify;\">NEW YORK &#8211; Suriye&#8217;nin Birle\u015fmi\u015f Milletler Daimi Temsilcisi Dr. Be\u015far El Caferi, T\u00fcrk rejiminin, Suriye&#8217;nin kuzeyinin b\u00fcy\u00fck b\u00f6l\u00fcm\u00fcn\u00fc i\u015fgal etmeye, Suriye halk\u0131n\u0131n mukadderat\u0131n\u0131, zenginliklerini ve do\u011fal kaynaklar\u0131n\u0131 \u00e7alma ve talan etmeye, tehcir etme, demografik de\u011fi\u015fim ve asimilasyon uygulamalar\u0131na devam ederken, T\u00fcrk rejiminin i\u015fgal etti\u011fi Suriye topraklar\u0131n\u0131n hukuki ger\u00e7ekli\u011fini de\u011fi\u015ftirmeyece\u011fini veya Suriye&#8217;nin egemen haklar\u0131n\u0131 etkilemeyece\u011fini vurgulad\u0131.<\/p>\n<p style=\"text-align: justify;\">El Caferi Suriye&#8217;deki durum ile ilgili video arac\u0131l\u0131\u011f\u0131yla Suriye beyan\u0131nda bug\u00fcn, Erdo\u011fan rejiminin askeri m\u00fcdahalelerinin, ciddi su\u00e7lar\u0131n\u0131n ve ter\u00f6re deste\u011finin Suriye s\u0131n\u0131rlar\u0131n\u0131n \u00f6tesine Irak, Libya, M\u0131s\u0131r, Tunus, Somali, Yunanistan, K\u0131br\u0131s, Ermenistan, Azerbaycan ve di\u011ferleri de dahil olmak \u00fczere b\u00f6lge ve kom\u015fu \u00fclkelerine geni\u015fletti\u011fini belki de yeniden Viyana&#8217;n\u0131n kap\u0131lar\u0131n\u0131 \u00e7almay\u0131 d\u00fc\u015f\u00fcnd\u00fc\u011f\u00fcn\u00fc a\u00e7\u0131klayarak, bu meselelerin tehlikeli oldu\u011funu, uluslararas\u0131 bar\u0131\u015f ve g\u00fcvenli\u011fi tehdit etti\u011fini ve 70 y\u0131ldan bu yana i\u015fgalci \u0130srail&#8217;e verdikleri dokunulmazl\u0131k ve koruma gibi, NATO \u00fcyesi devletler taraf\u0131ndan T\u00fcrk m\u00fcttefiklerine sa\u011flanan koruma olmasayd\u0131, bunun ger\u00e7ekle\u015fmesinin m\u00fcmk\u00fcn olamayca\u011f\u0131n\u0131 yineledi.<\/p>\n<p style=\"text-align: justify;\">Suriye G\u00fcvenlik Konseyi&#8217;ne Erdo\u011fan Rejimininin Uluslararas\u0131 Hukuku Ve BM Misak\u0131 H\u00fck\u00fcmlerini \u0130hlallerinden Defalarca Sorumlu Tutmaya \u00c7a\u011f\u0131rd\u0131<\/p>\n<p style=\"text-align: justify;\">Caferi, Suriye&#8217;nin G\u00fcvenlik Konseyinden, 1998 y\u0131l\u0131nda iki \u00fclke aras\u0131nda imzalanan Adana Anla\u015fmas\u0131&#8217;n\u0131n ihlali ve Birle\u015fmi\u015f Milletler raporlar\u0131na ve ilgili G\u00fcvenlik Konseyi komitelerine g\u00f6re kendisinin ve m\u00fcttefiklerinin y\u00fczden fazla \u00fclkeden getirdi\u011fi binlerce uluslararas\u0131 ter\u00f6ristin destek, e\u011fitim ve silahland\u0131r\u0131lmas\u0131yla ba\u015flayan ve onlar\u0131 g\u00fc\u00e7lerine entegre etme ve eylem ba\u015flatma \u00e7al\u0131\u015fmalar\u0131ndan \u00f6nce onlara siyasi, askeri ve medya deste\u011fi sa\u011flad\u0131\u011f\u0131, Kuzey Suriye&#8217;nin geni\u015f kesimlerine sald\u0131r\u0131 ve i\u015fgali, Suriye halk\u0131n\u0131n yeteneklerinin \u00e7al\u0131nmas\u0131 ve talan edilmesi, eski eserler, petrol ve gaz dahil zenginlik ve do\u011fal kaynaklar\u0131, fabrikalar, makineler ve tar\u0131m \u00fcr\u00fcnleri, yerinden edilme uygulamas\u0131, demografik de\u011fi\u015fim, asimilasyon ve i\u00e7me suyunun sivillere kar\u015f\u0131 bir silah olarak kullanmakla temsil olunan, Erdo\u011fan rejimini uluslararas\u0131 hukuku ihlallerinden, Birle\u015fmi\u015f Milletler Misak\u0131 ve G\u00fcvenlik Konseyi kararlar\u0131n\u0131n h\u00fck\u00fcmlerini ve Suriye&#8217;de i\u015flenen sava\u015f su\u00e7lar\u0131 ve insanl\u0131\u011fa kar\u015f\u0131 su\u00e7lardan sorumlu tutmaya \u00e7a\u011f\u0131rd\u0131.<\/p>\n<p style=\"text-align: justify;\">Caferi, Suriye&#8217;nin G\u00fcvenlik Konseyi&#8217;nin son zamanlarda baz\u0131 illerde b\u00fcy\u00fck alanlarda meydana gelen yang\u0131nlardan etkilenen Suriyelilerle dayan\u0131\u015fmas\u0131n\u0131 asgari d\u00fczeyde g\u00f6stermek i\u00e7in harekete ge\u00e7memesinden duydu\u011fu \u00fcz\u00fcnt\u00fcy\u00fc dile getirerek, Nusra Cephesi ter\u00f6r \u00f6rg\u00fct\u00fc veya ABD veya T\u00fcrk i\u015fgal b\u00f6lgeleri taraf\u0131ndan kontrol edilen b\u00f6lgelerde yang\u0131nlar\u0131n \u00e7\u0131kmas\u0131 halinde Bat\u0131l\u0131 \u00fclkelerin BM koridorlar\u0131n\u0131 dolduracaklar\u0131n\u0131 ve acil durum toplant\u0131lar\u0131 \u00e7a\u011fr\u0131s\u0131nda bulunaca\u011f\u0131n\u0131 ifade etti.<\/p>\n<p style=\"text-align: justify;\">T\u00fcrk Rejimi, Astana Toplant\u0131lar\u0131 Ve So\u00e7i Anla\u015fmalar\u0131n\u0131n Sonu\u00e7lar\u0131na G\u00f6re Y\u00fck\u00fcml\u00fcl\u00fcklerini Ve Taahh\u00fctlerini Reddetmi\u015f, Akdeniz&#8217;deki Enerji Kaynaklar\u0131n\u0131 Soymaya \u00c7al\u0131\u015f\u0131yor<\/p>\n<p style=\"text-align: justify;\">El Caferi, \u0130dlib b\u00f6lgesi ile ilgili Astana g\u00f6r\u00fc\u015fmelerinin sonu\u00e7lar\u0131 ve So\u00e7i anla\u015fmalar\u0131na g\u00f6re T\u00fcrk rejiminin y\u00fck\u00fcml\u00fcl\u00fcklerini ve taahh\u00fctlerini reddetti\u011fine, Suriye topraklar\u0131n\u0131n baz\u0131 k\u0131s\u0131mlar\u0131na s\u00f6zde ay\u0131rma duvar\u0131 dikti\u011fi ve ortak s\u0131n\u0131r\u0131m\u0131z i\u00e7in ge\u00e7ici istikrar ta\u015flar\u0131n\u0131n bulundu\u011fu yerleri tahrif etti\u011fini, Avrupa&#8217;ya \u015fantaj yapmak ve bununla ucuz anla\u015fmalar yapmak i\u00e7in yerinden edilmi\u015fler sorununu istismar etmeye \u00e7al\u0131\u015ft\u0131\u011f\u0131n\u0131 ve \u015fu anda Akdeniz&#8217;deki enerji kaynaklar\u0131n\u0131 soymaya \u00e7al\u0131\u015f\u0131rken, kimilerinin \u201c\u0131l\u0131ml\u0131 silahl\u0131 muhalefet\u201d olarak adland\u0131rd\u0131\u011f\u0131 ter\u00f6ristleri ve paral\u0131 askerleri Suriye&#8217;den Libya&#8217;ya ta\u015f\u0131d\u0131\u011f\u0131na dikkat \u00e7ekti.<\/p>\n<p style=\"text-align: justify;\">Caferi, T\u00fcrk i\u015fgalinin i\u015fledi\u011fi su\u00e7lar\u0131n, i\u015fgal etti\u011fi topraklar\u0131n hukuki ger\u00e7ekli\u011fini ve Suriye m\u00fclkiyetini hi\u00e7bir \u015fekilde de\u011fi\u015ftirmeyece\u011fini, Suriye&#8217;nin hukuki ve egemenlik haklar\u0131na hi\u00e7bir \u015fekilde zarar vermeyece\u011fini veya gelecekte iki tarafl\u0131 s\u0131n\u0131rlar\u0131n yeniden \u00e7izilmesinin \u00f6n sonucunu olu\u015fturmayaca\u011f\u0131n\u0131 vurgulayarak ayn\u0131 zamanda Suriye&#8217;nin yasad\u0131\u015f\u0131 varolu\u015fa son vermesini talep etti.<\/p>\n","protected":false},"excerpt":{"rendered":"<p>NEW YORK &#8211; Suriye&#8217;nin Birle\u015fmi\u015f Milletler Daimi Temsilcisi Dr. Be\u015far El Caferi, T\u00fcrk rejiminin, Suriye&#8217;nin kuzeyinin b\u00fcy\u00fck b\u00f6l\u00fcm\u00fcn\u00fc i\u015fgal etmeye, Suriye halk\u0131n\u0131n mukadderat\u0131n\u0131, zenginliklerini ve do\u011fal kaynaklar\u0131n\u0131 \u00e7alma ve talan etmeye, tehcir etme, demografik de\u011fi\u015fim ve asimilasyon uygulamalar\u0131na devam ederken, T\u00fcrk rejiminin i\u015fgal etti\u011fi Suriye topraklar\u0131n\u0131n hukuki ger\u00e7ekli\u011fini de\u011fi\u015ftirmeyece\u011fini veya Suriye&#8217;nin egemen haklar\u0131n\u0131 etkilemeyece\u011fini vurgulad\u0131. &hellip;<\/p>\n","protected":false},"author":1,"featured_media":221001,"comment_status":"closed","ping_status":"closed","sticky":false,"template":"","format":"standard","meta":{"footnotes":""},"categories":[458,459,17988],"tags":[],"class_list":["post-221000","post","type-post","status-publish","format-standard","has-post-thumbnail","","category-dunya1","category-haberler-arap-uluslararasi-politika","category-son-haberler"],"_links":{"self":[{"href":"https:\/\/archive.sana.sy\/tr\/index.php?rest_route=\/wp\/v2\/posts\/221000","targetHints":{"allow":["GET"]}}],"collection":[{"href":"https:\/\/archive.sana.sy\/tr\/index.php?rest_route=\/wp\/v2\/posts"}],"about":[{"href":"https:\/\/archive.sana.sy\/tr\/index.php?rest_route=\/wp\/v2\/types\/post"}],"author":[{"embeddable":true,"href":"https:\/\/archive.sana.sy\/tr\/index.php?rest_route=\/wp\/v2\/users\/1"}],"replies":[{"embeddable":true,"href":"https:\/\/archive.sana.sy\/tr\/index.php?rest_route=%2Fwp%2Fv2%2Fcomments&post=221000"}],"version-history":[{"count":0,"href":"https:\/\/archive.sana.sy\/tr\/index.php?rest_route=\/wp\/v2\/posts\/221000\/revisions"}],"wp:featuredmedia":[{"embeddable":true,"href":"https:\/\/archive.sana.sy\/tr\/index.php?rest_route=\/wp\/v2\/media\/221001"}],"wp:attachment":[{"href":"https:\/\/archive.sana.sy\/tr\/index.php?rest_route=%2Fwp%2Fv2%2Fmedia&parent=221000"}],"wp:term":[{"taxonomy":"category","embeddable":true,"href":"https:\/\/archive.sana.sy\/tr\/index.php?rest_route=%2Fwp%2Fv2%2Fcategories&post=221000"},{"taxonomy":"post_tag","embeddable":true,"href":"https:\/\/archive.sana.sy\/tr\/index.php?rest_route=%2Fwp%2Fv2%2Ftags&post=221000"}],"curies":[{"name":"wp","href":"https:\/\/api.w.org\/{rel}","templated":true}]}}