{"id":221519,"date":"2020-11-04T12:02:25","date_gmt":"2020-11-04T10:02:25","guid":{"rendered":"http:\/\/107.6.182.27\/tr\/?p=221519"},"modified":"2020-11-05T08:32:16","modified_gmt":"2020-11-05T06:32:16","slug":"tartus-banyas-kiyisindaki-bazi-seralar-deniz-firtinasi-nedeniyle-hasar-gordu","status":"publish","type":"post","link":"https:\/\/archive.sana.sy\/tr\/?p=221519","title":{"rendered":"Tartus\u2026 Banyas K\u0131y\u0131s\u0131ndaki Baz\u0131 Seralar Deniz F\u0131rt\u0131nas\u0131 Nedeniyle Hasar G\u00f6rd\u00fc"},"content":{"rendered":"<p>TARTUS \u2013 Tartus k\u0131rsal\u0131nda bulunan Banyas b\u00f6lgesindeki Harisun k\u00f6y\u00fcne \u00e7arpan deniz f\u0131rt\u0131nas\u0131, korunan mahsuller i\u00e7in tahsis edilen bir dizi seraya zarar verdi.<\/p>\n<p>Banyas Tar\u0131m M\u00fcd\u00fcr\u00fc Hiyan Halil bu konuda SANA\u2019ya yapt\u0131\u011f\u0131 a\u00e7\u0131klamada; farkl\u0131 sebzelerle ekilen seralarda, en b\u00fcy\u00fck zarar\u0131n domates ekili evlerde oldu\u011funu belirtti.<\/p>\n<p>Halil; Hasarla ilgili ilk tahminlerin, b\u00f6lgedeki 25 \u00e7ift\u00e7inin sahip oldu\u011fu yakla\u015f\u0131k 100 plastik evin hasar g\u00f6rd\u00fc\u011f\u00fcn\u00fc g\u00f6sterdi\u011fine dikkat \u00e7ekti.<\/p>\n<p>\u00c7eviri: P.M.<\/p>\n<div id='gallery-1' class='gallery galleryid-221519 gallery-columns-1 gallery-size-full'><figure class='gallery-item'>\n\t\t\t<div class='gallery-icon landscape'>\n\t\t\t\t<a href='https:\/\/archive.sana.sy\/tr\/wp-content\/uploads\/2020\/11\/2-45.jpg'><img loading=\"lazy\" decoding=\"async\" width=\"660\" height=\"543\" src=\"https:\/\/archive.sana.sy\/tr\/wp-content\/uploads\/2020\/11\/2-45.jpg\" class=\"attachment-full size-full\" alt=\"\" srcset=\"https:\/\/archive.sana.sy\/tr\/wp-content\/uploads\/2020\/11\/2-45.jpg 660w, https:\/\/archive.sana.sy\/tr\/wp-content\/uploads\/2020\/11\/2-45-300x247.jpg 300w, https:\/\/archive.sana.sy\/tr\/wp-content\/uploads\/2020\/11\/2-45-150x123.jpg 150w\" sizes=\"auto, (max-width: 660px) 100vw, 660px\" \/><\/a>\n\t\t\t<\/div><\/figure><figure class='gallery-item'>\n\t\t\t<div class='gallery-icon landscape'>\n\t\t\t\t<a href='https:\/\/archive.sana.sy\/tr\/wp-content\/uploads\/2020\/11\/3-40.jpg'><img loading=\"lazy\" decoding=\"async\" width=\"660\" height=\"407\" src=\"https:\/\/archive.sana.sy\/tr\/wp-content\/uploads\/2020\/11\/3-40.jpg\" class=\"attachment-full size-full\" alt=\"\" srcset=\"https:\/\/archive.sana.sy\/tr\/wp-content\/uploads\/2020\/11\/3-40.jpg 660w, https:\/\/archive.sana.sy\/tr\/wp-content\/uploads\/2020\/11\/3-40-300x185.jpg 300w, https:\/\/archive.sana.sy\/tr\/wp-content\/uploads\/2020\/11\/3-40-150x93.jpg 150w\" sizes=\"auto, (max-width: 660px) 100vw, 660px\" \/><\/a>\n\t\t\t<\/div><\/figure><figure class='gallery-item'>\n\t\t\t<div class='gallery-icon portrait'>\n\t\t\t\t<a href='https:\/\/archive.sana.sy\/tr\/wp-content\/uploads\/2020\/11\/4-37.jpg'><img loading=\"lazy\" decoding=\"async\" width=\"382\" height=\"550\" src=\"https:\/\/archive.sana.sy\/tr\/wp-content\/uploads\/2020\/11\/4-37.jpg\" class=\"attachment-full size-full\" alt=\"\" srcset=\"https:\/\/archive.sana.sy\/tr\/wp-content\/uploads\/2020\/11\/4-37.jpg 382w, https:\/\/archive.sana.sy\/tr\/wp-content\/uploads\/2020\/11\/4-37-208x300.jpg 208w, https:\/\/archive.sana.sy\/tr\/wp-content\/uploads\/2020\/11\/4-37-104x150.jpg 104w\" sizes=\"auto, (max-width: 382px) 100vw, 382px\" \/><\/a>\n\t\t\t<\/div><\/figure><figure class='gallery-item'>\n\t\t\t<div class='gallery-icon landscape'>\n\t\t\t\t<a href='https:\/\/archive.sana.sy\/tr\/wp-content\/uploads\/2020\/11\/5-39.jpg'><img loading=\"lazy\" decoding=\"async\" width=\"660\" height=\"356\" src=\"https:\/\/archive.sana.sy\/tr\/wp-content\/uploads\/2020\/11\/5-39.jpg\" class=\"attachment-full size-full\" alt=\"\" srcset=\"https:\/\/archive.sana.sy\/tr\/wp-content\/uploads\/2020\/11\/5-39.jpg 660w, https:\/\/archive.sana.sy\/tr\/wp-content\/uploads\/2020\/11\/5-39-300x162.jpg 300w, https:\/\/archive.sana.sy\/tr\/wp-content\/uploads\/2020\/11\/5-39-150x81.jpg 150w\" sizes=\"auto, (max-width: 660px) 100vw, 660px\" \/><\/a>\n\t\t\t<\/div><\/figure>\n\t\t<\/div>\n\n","protected":false},"excerpt":{"rendered":"<p>TARTUS \u2013 Tartus k\u0131rsal\u0131nda bulunan Banyas b\u00f6lgesindeki Harisun k\u00f6y\u00fcne \u00e7arpan deniz f\u0131rt\u0131nas\u0131, korunan mahsuller i\u00e7in tahsis edilen bir dizi seraya zarar verdi. Banyas Tar\u0131m M\u00fcd\u00fcr\u00fc Hiyan Halil bu konuda SANA\u2019ya yapt\u0131\u011f\u0131 a\u00e7\u0131klamada; farkl\u0131 sebzelerle ekilen seralarda, en b\u00fcy\u00fck zarar\u0131n domates ekili evlerde oldu\u011funu belirtti. Halil; Hasarla ilgili ilk tahminlerin, b\u00f6lgedeki 25 \u00e7ift\u00e7inin sahip oldu\u011fu yakla\u015f\u0131k &hellip;<\/p>\n","protected":false},"author":1,"featured_media":221520,"comment_status":"closed","ping_status":"closed","sticky":false,"template":"","format":"standard","meta":{"footnotes":""},"categories":[596,479,17988,478],"tags":[],"class_list":["post-221519","post","type-post","status-publish","format-standard","has-post-thumbnail","","category-fotografli-raporlar","category-haberler-yerel","category-son-haberler","category-yerel"],"_links":{"self":[{"href":"https:\/\/archive.sana.sy\/tr\/index.php?rest_route=\/wp\/v2\/posts\/221519","targetHints":{"allow":["GET"]}}],"collection":[{"href":"https:\/\/archive.sana.sy\/tr\/index.php?rest_route=\/wp\/v2\/posts"}],"about":[{"href":"https:\/\/archive.sana.sy\/tr\/index.php?rest_route=\/wp\/v2\/types\/post"}],"author":[{"embeddable":true,"href":"https:\/\/archive.sana.sy\/tr\/index.php?rest_route=\/wp\/v2\/users\/1"}],"replies":[{"embeddable":true,"href":"https:\/\/archive.sana.sy\/tr\/index.php?rest_route=%2Fwp%2Fv2%2Fcomments&post=221519"}],"version-history":[{"count":0,"href":"https:\/\/archive.sana.sy\/tr\/index.php?rest_route=\/wp\/v2\/posts\/221519\/revisions"}],"wp:featuredmedia":[{"embeddable":true,"href":"https:\/\/archive.sana.sy\/tr\/index.php?rest_route=\/wp\/v2\/media\/221520"}],"wp:attachment":[{"href":"https:\/\/archive.sana.sy\/tr\/index.php?rest_route=%2Fwp%2Fv2%2Fmedia&parent=221519"}],"wp:term":[{"taxonomy":"category","embeddable":true,"href":"https:\/\/archive.sana.sy\/tr\/index.php?rest_route=%2Fwp%2Fv2%2Fcategories&post=221519"},{"taxonomy":"post_tag","embeddable":true,"href":"https:\/\/archive.sana.sy\/tr\/index.php?rest_route=%2Fwp%2Fv2%2Ftags&post=221519"}],"curies":[{"name":"wp","href":"https:\/\/api.w.org\/{rel}","templated":true}]}}