{"id":22156,"date":"2015-01-28T17:35:46","date_gmt":"2015-01-28T15:35:46","guid":{"rendered":"http:\/\/www.sana.sy\/tr\/?p=22156"},"modified":"2015-01-28T17:35:46","modified_gmt":"2015-01-28T15:35:46","slug":"teroristler-rusya-buyukelciligine-havanla-saldirdilar","status":"publish","type":"post","link":"https:\/\/archive.sana.sy\/tr\/?p=22156","title":{"rendered":"Ter\u00f6ristler Rusya B\u00fcy\u00fckel\u00e7ili\u011fine Havanla Sald\u0131rd\u0131lar"},"content":{"rendered":"<p>\u015eAM \u2013Suriye Arap Cumhuriyeti heyeti ile muhalif \u015fahsiyetler aras\u0131nda Moskova&#8217;da yap\u0131lan isti\u015fare oturumlar\u0131na e\u015f zamanl\u0131 olarak ter\u00f6ristler bug\u00fcn \u015eam\u2019da Rusya B\u00fcy\u00fckel\u00e7ili\u011fini bir havan mermisiyle hedef ald\u0131lar.<\/p>\n<p>Rusya B\u00fcy\u00fckel\u00e7ili\u011finde yetkili bir kaynak SANA\u2019ya yapt\u0131\u011f\u0131 a\u00e7\u0131klamada; b\u00fcy\u00fckel\u00e7ilik haremi i\u00e7inde konsolosluk binas\u0131n\u0131n \u00e7at\u0131s\u0131na bir havan mermisinin d\u00fc\u015ft\u00fc\u011f\u00fcn\u00fc s\u00f6yledi.<\/p>\n<p>Kaynak sald\u0131r\u0131da herhangi bir be\u015feri isabetin olmad\u0131\u011f\u0131n\u0131, sadece \u00e7at\u0131da basit maddi hasar\u0131n olu\u015ftu\u011funu aktard\u0131.<\/p>\n<p>Bu arada ter\u00f6r \u00e7eteleri daha \u00f6nce bir\u00e7ok kez Rusya b\u00fcy\u00fckel\u00e7ili\u011fini roketlerle hedef alm\u0131\u015f, sald\u0131r\u0131larda maddi hasarlar olu\u015fmu\u015ftu.<\/p>\n<p>&nbsp;<\/p>\n","protected":false},"excerpt":{"rendered":"<p>\u015eAM \u2013Suriye Arap Cumhuriyeti heyeti ile muhalif \u015fahsiyetler aras\u0131nda Moskova&#8217;da yap\u0131lan isti\u015fare oturumlar\u0131na e\u015f zamanl\u0131 olarak ter\u00f6ristler bug\u00fcn \u015eam\u2019da Rusya B\u00fcy\u00fckel\u00e7ili\u011fini bir havan mermisiyle hedef ald\u0131lar. Rusya B\u00fcy\u00fckel\u00e7ili\u011finde yetkili bir kaynak SANA\u2019ya yapt\u0131\u011f\u0131 a\u00e7\u0131klamada; b\u00fcy\u00fckel\u00e7ilik haremi i\u00e7inde konsolosluk binas\u0131n\u0131n \u00e7at\u0131s\u0131na bir havan mermisinin d\u00fc\u015ft\u00fc\u011f\u00fcn\u00fc s\u00f6yledi. Kaynak sald\u0131r\u0131da herhangi bir be\u015feri isabetin olmad\u0131\u011f\u0131n\u0131, sadece \u00e7at\u0131da basit &hellip;<\/p>\n","protected":false},"author":1,"featured_media":22157,"comment_status":"closed","ping_status":"closed","sticky":false,"template":"","format":"standard","meta":{"footnotes":""},"categories":[575],"tags":[10820,10821,10819],"class_list":["post-22156","post","type-post","status-publish","format-standard","has-post-thumbnail","","category-olaylar-ve-gercekler","tag-sadece-catida-basit-maddi-hasarin-olustugunu-aktardi-bu-arada-teror-ceteleri-daha-once-bircok-kez-rusya-buyukelciligini-roketlerle-hedef-almis","tag-saldirilarda-maddi-hasarlar-olusmustu","tag-teroristler-rusya-buyukelciligine-havanla-saldirdilar-sam-suriye-arap-cumhuriyeti-heyeti-ile-muhalif-sahsiyetler-arasinda-moskovada-yapilan-istisare-oturumlarina-es-zamanli-olarak-teroristle"],"_links":{"self":[{"href":"https:\/\/archive.sana.sy\/tr\/index.php?rest_route=\/wp\/v2\/posts\/22156","targetHints":{"allow":["GET"]}}],"collection":[{"href":"https:\/\/archive.sana.sy\/tr\/index.php?rest_route=\/wp\/v2\/posts"}],"about":[{"href":"https:\/\/archive.sana.sy\/tr\/index.php?rest_route=\/wp\/v2\/types\/post"}],"author":[{"embeddable":true,"href":"https:\/\/archive.sana.sy\/tr\/index.php?rest_route=\/wp\/v2\/users\/1"}],"replies":[{"embeddable":true,"href":"https:\/\/archive.sana.sy\/tr\/index.php?rest_route=%2Fwp%2Fv2%2Fcomments&post=22156"}],"version-history":[{"count":0,"href":"https:\/\/archive.sana.sy\/tr\/index.php?rest_route=\/wp\/v2\/posts\/22156\/revisions"}],"wp:featuredmedia":[{"embeddable":true,"href":"https:\/\/archive.sana.sy\/tr\/index.php?rest_route=\/wp\/v2\/media\/22157"}],"wp:attachment":[{"href":"https:\/\/archive.sana.sy\/tr\/index.php?rest_route=%2Fwp%2Fv2%2Fmedia&parent=22156"}],"wp:term":[{"taxonomy":"category","embeddable":true,"href":"https:\/\/archive.sana.sy\/tr\/index.php?rest_route=%2Fwp%2Fv2%2Fcategories&post=22156"},{"taxonomy":"post_tag","embeddable":true,"href":"https:\/\/archive.sana.sy\/tr\/index.php?rest_route=%2Fwp%2Fv2%2Ftags&post=22156"}],"curies":[{"name":"wp","href":"https:\/\/api.w.org\/{rel}","templated":true}]}}