{"id":22165,"date":"2015-01-28T20:50:11","date_gmt":"2015-01-28T18:50:11","guid":{"rendered":"http:\/\/www.sana.sy\/tr\/?p=22165"},"modified":"2015-01-28T20:50:11","modified_gmt":"2015-01-28T18:50:11","slug":"iran-istisare-toplantisini-destekledigini-yineledi","status":"publish","type":"post","link":"https:\/\/archive.sana.sy\/tr\/?p=22165","title":{"rendered":"\u0130ran \u0130sti\u015fare Toplant\u0131s\u0131n\u0131 Destekledi\u011fini Yineledi"},"content":{"rendered":"<p>TAHRAN \u2013 \u0130ran D\u0131\u015fi\u015fleri Bakanl\u0131\u011f\u0131, Tahran\u2019\u0131n Suriye krizinin siyasi \u00e7\u00f6z\u00fcm\u00fc ile ilgili Rusya\u2019n\u0131n Ba\u015fkenti Moskova\u2019da d\u00fczenlenen isti\u015fare toplant\u0131s\u0131 destekledi\u011fini yineledi.<\/p>\n<p>\u0130ran D\u0131\u015fi\u015fleri Bakanl\u0131\u011f\u0131 Resmi S\u00f6zc\u00fcs\u00fc Murdiye Afham bug\u00fcn yapt\u0131\u011f\u0131 a\u00e7\u0131klamada siyasi \u00e7\u00f6z\u00fcm ve diyalogun Suriye krizinin tek \u00e7\u00f6z\u00fcm yolunu olu\u015fturdu\u011funa i\u015faret ederek Suriye&#8217;nin gelece\u011fine ili\u015fkin s\u00f6z sahibi tek merciinin Suriye halk\u0131 oldu\u011funun alt\u0131n\u0131 \u00e7izdi.<\/p>\n<p>B\u00f6lge devletlerine, b\u00f6lge \u00e7\u0131karlar\u0131n\u0131 dikkate alma \u00e7a\u011fr\u0131s\u0131nda bulunan Afham; Suriye ile ilgili s\u00fcrecin yeniden g\u00f6zden ge\u00e7irilmesi ve ger\u00e7eklerin itiraf edilmesinin \u00f6nemini vurgulad\u0131.<\/p>\n<p>Ter\u00f6re kar\u015f\u0131 koyman\u0131n tek yolu direni\u015f oldu\u011funun alt\u0131n\u0131 \u00e7izen Afham; Suriye&#8217;nin Ayn el Arap Kenti sakinlerinin I\u015e\u0130D ter\u00f6r \u00f6rg\u00fct\u00fcne kar\u015f\u0131 sergiledi\u011fi direni\u015fi \u00f6vg\u00fcl\u00fc c\u00fcmlelerle and\u0131.<\/p>\n<p>\u0130ran\u2019\u0131n b\u00f6lge \u00fclkeleri aras\u0131ndaki ili\u015fki ve i\u015fbirli\u011finin peki\u015ftirilmesi \u00e7a\u011fr\u0131s\u0131n\u0131 yineleyen Afham; b\u00f6lge g\u00fcvenlik ve istikrar\u0131n\u0131n ili\u015fki ve i\u015fbirli\u011finin peki\u015ftirilmesiyle sa\u011flanabilece\u011finin alt\u0131n\u0131 \u00e7izdi.<\/p>\n<p>F.B.-M.M<\/p>\n","protected":false},"excerpt":{"rendered":"<p>TAHRAN \u2013 \u0130ran D\u0131\u015fi\u015fleri Bakanl\u0131\u011f\u0131, Tahran\u2019\u0131n Suriye krizinin siyasi \u00e7\u00f6z\u00fcm\u00fc ile ilgili Rusya\u2019n\u0131n Ba\u015fkenti Moskova\u2019da d\u00fczenlenen isti\u015fare toplant\u0131s\u0131 destekledi\u011fini yineledi. \u0130ran D\u0131\u015fi\u015fleri Bakanl\u0131\u011f\u0131 Resmi S\u00f6zc\u00fcs\u00fc Murdiye Afham bug\u00fcn yapt\u0131\u011f\u0131 a\u00e7\u0131klamada siyasi \u00e7\u00f6z\u00fcm ve diyalogun Suriye krizinin tek \u00e7\u00f6z\u00fcm yolunu olu\u015fturdu\u011funa i\u015faret ederek Suriye&#8217;nin gelece\u011fine ili\u015fkin s\u00f6z sahibi tek merciinin Suriye halk\u0131 oldu\u011funun alt\u0131n\u0131 \u00e7izdi. B\u00f6lge &hellip;<\/p>\n","protected":false},"author":1,"featured_media":22166,"comment_status":"closed","ping_status":"closed","sticky":false,"template":"","format":"standard","meta":{"footnotes":""},"categories":[458,459,447],"tags":[10828,10826,10827],"class_list":["post-22165","post","type-post","status-publish","format-standard","has-post-thumbnail","","category-dunya1","category-haberler-arap-uluslararasi-politika","category-politika","tag-bolge-cikarlarini-dikkate-alma-cagrisinda-bulunan-afham-suriye-ile-ilgili-surecin-yeniden-gozden-gecirilmesi-ve-gerceklerin-itiraf-edilmesinin-onemini-vurguladi-terore-karsi-koymanin-tek-yolu-direni","tag-iran-istisare-toplantisini-destekledigini-yineledi-tahran-iran-disisleri-bakanligi","tag-tahranin-suriye-krizinin-siyasi-cozumu-ile-ilgili-rusyanin-baskenti-moskovada-duzenlenen-istisare-toplantisi-destekledigini-yineledi-iran-disisleri-bakanligi-resmi-sozcusu"],"_links":{"self":[{"href":"https:\/\/archive.sana.sy\/tr\/index.php?rest_route=\/wp\/v2\/posts\/22165","targetHints":{"allow":["GET"]}}],"collection":[{"href":"https:\/\/archive.sana.sy\/tr\/index.php?rest_route=\/wp\/v2\/posts"}],"about":[{"href":"https:\/\/archive.sana.sy\/tr\/index.php?rest_route=\/wp\/v2\/types\/post"}],"author":[{"embeddable":true,"href":"https:\/\/archive.sana.sy\/tr\/index.php?rest_route=\/wp\/v2\/users\/1"}],"replies":[{"embeddable":true,"href":"https:\/\/archive.sana.sy\/tr\/index.php?rest_route=%2Fwp%2Fv2%2Fcomments&post=22165"}],"version-history":[{"count":0,"href":"https:\/\/archive.sana.sy\/tr\/index.php?rest_route=\/wp\/v2\/posts\/22165\/revisions"}],"wp:featuredmedia":[{"embeddable":true,"href":"https:\/\/archive.sana.sy\/tr\/index.php?rest_route=\/wp\/v2\/media\/22166"}],"wp:attachment":[{"href":"https:\/\/archive.sana.sy\/tr\/index.php?rest_route=%2Fwp%2Fv2%2Fmedia&parent=22165"}],"wp:term":[{"taxonomy":"category","embeddable":true,"href":"https:\/\/archive.sana.sy\/tr\/index.php?rest_route=%2Fwp%2Fv2%2Fcategories&post=22165"},{"taxonomy":"post_tag","embeddable":true,"href":"https:\/\/archive.sana.sy\/tr\/index.php?rest_route=%2Fwp%2Fv2%2Ftags&post=22165"}],"curies":[{"name":"wp","href":"https:\/\/api.w.org\/{rel}","templated":true}]}}