{"id":221659,"date":"2020-11-06T11:37:29","date_gmt":"2020-11-06T09:37:29","guid":{"rendered":"http:\/\/107.6.182.27\/tr\/?p=221659"},"modified":"2020-11-07T08:16:15","modified_gmt":"2020-11-07T06:16:15","slug":"isgalci-israil-gucleri-bati-yakada-3-filistinliyi-tutukladi","status":"publish","type":"post","link":"https:\/\/archive.sana.sy\/tr\/?p=221659","title":{"rendered":"\u0130\u015fgalci \u0130srail G\u00fc\u00e7leri Bat\u0131 yaka\u2019da 3 Filistinliyi Tutuklad\u0131"},"content":{"rendered":"<p>\u0130\u015eGAL ALTINDAK\u0130 KUD\u00dcS \u2013 \u0130\u015fgalci \u0130srail g\u00fc\u00e7leri, bug\u00fcn Bat\u0131 Yaka\u2019da 3 Filistinliyi tutuklad\u0131.<\/p>\n<p>WAFA haber ajans\u0131, i\u015fgalci \u0130srail g\u00fc\u00e7lerinin Kalkiyla do\u011fusundaki Azzun beldesi ve Cenin kamp\u0131na ve Ramallah\u2019taki el Mazraa el \u011earbiye beldesine bask\u0131n d\u00fczenleyip 3 Filistinliyi tutuklad\u0131\u011f\u0131na i\u015faret etti.<\/p>\n<p>\u00c7eviri: M.Y<\/p>\n","protected":false},"excerpt":{"rendered":"<p>\u0130\u015eGAL ALTINDAK\u0130 KUD\u00dcS \u2013 \u0130\u015fgalci \u0130srail g\u00fc\u00e7leri, bug\u00fcn Bat\u0131 Yaka\u2019da 3 Filistinliyi tutuklad\u0131. WAFA haber ajans\u0131, i\u015fgalci \u0130srail g\u00fc\u00e7lerinin Kalkiyla do\u011fusundaki Azzun beldesi ve Cenin kamp\u0131na ve Ramallah\u2019taki el Mazraa el \u011earbiye beldesine bask\u0131n d\u00fczenleyip 3 Filistinliyi tutuklad\u0131\u011f\u0131na i\u015faret etti. \u00c7eviri: M.Y<\/p>\n","protected":false},"author":36,"featured_media":221660,"comment_status":"closed","ping_status":"closed","sticky":false,"template":"","format":"standard","meta":{"footnotes":""},"categories":[458,459,17988],"tags":[],"class_list":["post-221659","post","type-post","status-publish","format-standard","has-post-thumbnail","","category-dunya1","category-haberler-arap-uluslararasi-politika","category-son-haberler"],"_links":{"self":[{"href":"https:\/\/archive.sana.sy\/tr\/index.php?rest_route=\/wp\/v2\/posts\/221659","targetHints":{"allow":["GET"]}}],"collection":[{"href":"https:\/\/archive.sana.sy\/tr\/index.php?rest_route=\/wp\/v2\/posts"}],"about":[{"href":"https:\/\/archive.sana.sy\/tr\/index.php?rest_route=\/wp\/v2\/types\/post"}],"author":[{"embeddable":true,"href":"https:\/\/archive.sana.sy\/tr\/index.php?rest_route=\/wp\/v2\/users\/36"}],"replies":[{"embeddable":true,"href":"https:\/\/archive.sana.sy\/tr\/index.php?rest_route=%2Fwp%2Fv2%2Fcomments&post=221659"}],"version-history":[{"count":0,"href":"https:\/\/archive.sana.sy\/tr\/index.php?rest_route=\/wp\/v2\/posts\/221659\/revisions"}],"wp:featuredmedia":[{"embeddable":true,"href":"https:\/\/archive.sana.sy\/tr\/index.php?rest_route=\/wp\/v2\/media\/221660"}],"wp:attachment":[{"href":"https:\/\/archive.sana.sy\/tr\/index.php?rest_route=%2Fwp%2Fv2%2Fmedia&parent=221659"}],"wp:term":[{"taxonomy":"category","embeddable":true,"href":"https:\/\/archive.sana.sy\/tr\/index.php?rest_route=%2Fwp%2Fv2%2Fcategories&post=221659"},{"taxonomy":"post_tag","embeddable":true,"href":"https:\/\/archive.sana.sy\/tr\/index.php?rest_route=%2Fwp%2Fv2%2Ftags&post=221659"}],"curies":[{"name":"wp","href":"https:\/\/api.w.org\/{rel}","templated":true}]}}