{"id":221662,"date":"2020-11-06T12:07:14","date_gmt":"2020-11-06T10:07:14","guid":{"rendered":"http:\/\/107.6.182.27\/tr\/?p=221662"},"modified":"2020-11-07T08:16:17","modified_gmt":"2020-11-07T06:16:17","slug":"naryshkin-moskova-teroristlerin-suriyeden-karabaga-nakledilmesi-ile-ilgili-bilgi-sahiptirahiptir","status":"publish","type":"post","link":"https:\/\/archive.sana.sy\/tr\/?p=221662","title":{"rendered":"Naryshkin: Moskova Ter\u00f6ristlerin Suriye&#8217;den Karaba\u011f&#8217;a Nakledilmesi \u0130le \u0130lgili Bilgi Sahiptir"},"content":{"rendered":"<p>MOSKOVA \u2013 Rusya D\u0131\u015f \u0130stihbarat Te\u015fkilat\u0131 ba\u015fkan\u0131 Sergey Naryshkin, bug\u00fcn Moskova&#8217;n\u0131n Ermenistan ile Azerbaycan aras\u0131nda \u00e7at\u0131\u015fma halindeki Da\u011fl\u0131k Karaba\u011f b\u00f6lgesindeki sava\u015flara kat\u0131lmak \u00fczere Suriye&#8217;den ter\u00f6ristlerin nakledildi\u011fini g\u00f6steren bilgilere sahip oldu\u011funu belirtti.<\/p>\n<p>Rus Sputnik ajans\u0131 ile yapt\u0131\u011f\u0131 r\u00f6portajda Naryshkin, &#8220;Rusya bu bilgileri bir dizi \u00fclkeden, \u00e7e\u015fitli kaynaklardan, Orta ve Yak\u0131n Do\u011fu&#8217;daki ortaklar\u0131m\u0131z ve ortak kurulu\u015flar\u0131m\u0131zdan al\u0131yor&#8221; dedi.<\/p>\n<p>\u00c7eviri: M.Y<\/p>\n","protected":false},"excerpt":{"rendered":"<p>MOSKOVA \u2013 Rusya D\u0131\u015f \u0130stihbarat Te\u015fkilat\u0131 ba\u015fkan\u0131 Sergey Naryshkin, bug\u00fcn Moskova&#8217;n\u0131n Ermenistan ile Azerbaycan aras\u0131nda \u00e7at\u0131\u015fma halindeki Da\u011fl\u0131k Karaba\u011f b\u00f6lgesindeki sava\u015flara kat\u0131lmak \u00fczere Suriye&#8217;den ter\u00f6ristlerin nakledildi\u011fini g\u00f6steren bilgilere sahip oldu\u011funu belirtti. Rus Sputnik ajans\u0131 ile yapt\u0131\u011f\u0131 r\u00f6portajda Naryshkin, &#8220;Rusya bu bilgileri bir dizi \u00fclkeden, \u00e7e\u015fitli kaynaklardan, Orta ve Yak\u0131n Do\u011fu&#8217;daki ortaklar\u0131m\u0131z ve ortak kurulu\u015flar\u0131m\u0131zdan al\u0131yor&#8221; &hellip;<\/p>\n","protected":false},"author":36,"featured_media":221663,"comment_status":"closed","ping_status":"closed","sticky":false,"template":"","format":"standard","meta":{"footnotes":""},"categories":[458,459,17988],"tags":[],"class_list":["post-221662","post","type-post","status-publish","format-standard","has-post-thumbnail","","category-dunya1","category-haberler-arap-uluslararasi-politika","category-son-haberler"],"_links":{"self":[{"href":"https:\/\/archive.sana.sy\/tr\/index.php?rest_route=\/wp\/v2\/posts\/221662","targetHints":{"allow":["GET"]}}],"collection":[{"href":"https:\/\/archive.sana.sy\/tr\/index.php?rest_route=\/wp\/v2\/posts"}],"about":[{"href":"https:\/\/archive.sana.sy\/tr\/index.php?rest_route=\/wp\/v2\/types\/post"}],"author":[{"embeddable":true,"href":"https:\/\/archive.sana.sy\/tr\/index.php?rest_route=\/wp\/v2\/users\/36"}],"replies":[{"embeddable":true,"href":"https:\/\/archive.sana.sy\/tr\/index.php?rest_route=%2Fwp%2Fv2%2Fcomments&post=221662"}],"version-history":[{"count":0,"href":"https:\/\/archive.sana.sy\/tr\/index.php?rest_route=\/wp\/v2\/posts\/221662\/revisions"}],"wp:featuredmedia":[{"embeddable":true,"href":"https:\/\/archive.sana.sy\/tr\/index.php?rest_route=\/wp\/v2\/media\/221663"}],"wp:attachment":[{"href":"https:\/\/archive.sana.sy\/tr\/index.php?rest_route=%2Fwp%2Fv2%2Fmedia&parent=221662"}],"wp:term":[{"taxonomy":"category","embeddable":true,"href":"https:\/\/archive.sana.sy\/tr\/index.php?rest_route=%2Fwp%2Fv2%2Fcategories&post=221662"},{"taxonomy":"post_tag","embeddable":true,"href":"https:\/\/archive.sana.sy\/tr\/index.php?rest_route=%2Fwp%2Fv2%2Ftags&post=221662"}],"curies":[{"name":"wp","href":"https:\/\/api.w.org\/{rel}","templated":true}]}}