{"id":221665,"date":"2020-11-06T12:36:43","date_gmt":"2020-11-06T10:36:43","guid":{"rendered":"http:\/\/107.6.182.27\/tr\/?p=221665"},"modified":"2020-11-07T08:16:20","modified_gmt":"2020-11-07T06:16:20","slug":"rusya-savunmasi-suriye-ve-rus-savas-ucaklarinin-idlibde-sivil-hedefleri-bombaladigini-iddialari-yalanladi","status":"publish","type":"post","link":"https:\/\/archive.sana.sy\/tr\/?p=221665","title":{"rendered":"Rusya Savunmas\u0131, Suriye ve Rus Sava\u015f U\u00e7aklar\u0131n\u0131n \u0130dlib&#8217;de Sivil Hedefleri Bombalad\u0131\u011f\u0131 Y\u00f6n\u00fcndeki \u0130ddialar\u0131 Yalanlad\u0131"},"content":{"rendered":"<p>MOSKOVA \u2013 Rusya Savunma Bakanl\u0131\u011f\u0131, ter\u00f6r \u00f6rg\u00fctlerine ba\u011fl\u0131 medya kurulu\u015flar\u0131n\u0131n \u0130dlib kentinde sivil hedefleri hedef alan Suriye ve Rus sava\u015f u\u00e7aklar\u0131 hakk\u0131nda \u00f6ne s\u00fcrd\u00fckleri iddialar\u0131 yalanlad\u0131.<\/p>\n<p>Hmeymim&#8217;deki Rus Koordinasyon Merkezi Ba\u015fkan Yard\u0131mc\u0131s\u0131 Amiral Alexander Greenkiewicz yapt\u0131\u011f\u0131 bas\u0131n a\u00e7\u0131klamas\u0131nda: \u201cSuriye Arap Cumhuriyeti&#8217;ndeki g\u00fc\u00e7lerin \u0130dlib ilindeki sivil hedefleri bombalad\u0131\u011f\u0131 y\u00f6n\u00fcnde baz\u0131 yabanc\u0131 medya kurulu\u015flar\u0131n\u0131n yay\u0131nlad\u0131\u011f\u0131 su\u00e7lamalara cevaben, Suriye ordusu ve Rus sava\u015f u\u00e7aklar\u0131n\u0131n Suriye&#8217;de sivil hedefleri bombalad\u0131\u011f\u0131n\u0131 teyit etmiyoruz&#8221; dedi.<\/p>\n<p>Greenkiewicz, Rusya Koordinasyon Merkezi&#8217;nin ge\u00e7mi\u015fte Suriye Arap Ordusunu su\u00e7lamak ve \u0130dlib&#8217;deki durumun istikrar\u0131n\u0131 baltalamak amac\u0131yla ter\u00f6r \u00f6rg\u00fctlerinin provokasyon yapma olas\u0131l\u0131\u011f\u0131 konusunda defalarca uyar\u0131da bulundu\u011funu belirtti.<\/p>\n<p>\u00c7eviri: M.Y<\/p>\n","protected":false},"excerpt":{"rendered":"<p>MOSKOVA \u2013 Rusya Savunma Bakanl\u0131\u011f\u0131, ter\u00f6r \u00f6rg\u00fctlerine ba\u011fl\u0131 medya kurulu\u015flar\u0131n\u0131n \u0130dlib kentinde sivil hedefleri hedef alan Suriye ve Rus sava\u015f u\u00e7aklar\u0131 hakk\u0131nda \u00f6ne s\u00fcrd\u00fckleri iddialar\u0131 yalanlad\u0131. Hmeymim&#8217;deki Rus Koordinasyon Merkezi Ba\u015fkan Yard\u0131mc\u0131s\u0131 Amiral Alexander Greenkiewicz yapt\u0131\u011f\u0131 bas\u0131n a\u00e7\u0131klamas\u0131nda: \u201cSuriye Arap Cumhuriyeti&#8217;ndeki g\u00fc\u00e7lerin \u0130dlib ilindeki sivil hedefleri bombalad\u0131\u011f\u0131 y\u00f6n\u00fcnde baz\u0131 yabanc\u0131 medya kurulu\u015flar\u0131n\u0131n yay\u0131nlad\u0131\u011f\u0131 su\u00e7lamalara cevaben, &hellip;<\/p>\n","protected":false},"author":36,"featured_media":221666,"comment_status":"closed","ping_status":"closed","sticky":false,"template":"","format":"standard","meta":{"footnotes":""},"categories":[458,459,17988],"tags":[],"class_list":["post-221665","post","type-post","status-publish","format-standard","has-post-thumbnail","","category-dunya1","category-haberler-arap-uluslararasi-politika","category-son-haberler"],"_links":{"self":[{"href":"https:\/\/archive.sana.sy\/tr\/index.php?rest_route=\/wp\/v2\/posts\/221665","targetHints":{"allow":["GET"]}}],"collection":[{"href":"https:\/\/archive.sana.sy\/tr\/index.php?rest_route=\/wp\/v2\/posts"}],"about":[{"href":"https:\/\/archive.sana.sy\/tr\/index.php?rest_route=\/wp\/v2\/types\/post"}],"author":[{"embeddable":true,"href":"https:\/\/archive.sana.sy\/tr\/index.php?rest_route=\/wp\/v2\/users\/36"}],"replies":[{"embeddable":true,"href":"https:\/\/archive.sana.sy\/tr\/index.php?rest_route=%2Fwp%2Fv2%2Fcomments&post=221665"}],"version-history":[{"count":0,"href":"https:\/\/archive.sana.sy\/tr\/index.php?rest_route=\/wp\/v2\/posts\/221665\/revisions"}],"wp:featuredmedia":[{"embeddable":true,"href":"https:\/\/archive.sana.sy\/tr\/index.php?rest_route=\/wp\/v2\/media\/221666"}],"wp:attachment":[{"href":"https:\/\/archive.sana.sy\/tr\/index.php?rest_route=%2Fwp%2Fv2%2Fmedia&parent=221665"}],"wp:term":[{"taxonomy":"category","embeddable":true,"href":"https:\/\/archive.sana.sy\/tr\/index.php?rest_route=%2Fwp%2Fv2%2Fcategories&post=221665"},{"taxonomy":"post_tag","embeddable":true,"href":"https:\/\/archive.sana.sy\/tr\/index.php?rest_route=%2Fwp%2Fv2%2Ftags&post=221665"}],"curies":[{"name":"wp","href":"https:\/\/api.w.org\/{rel}","templated":true}]}}