{"id":221668,"date":"2020-11-06T12:37:45","date_gmt":"2020-11-06T10:37:45","guid":{"rendered":"http:\/\/107.6.182.27\/tr\/?p=221668"},"modified":"2020-11-07T08:16:23","modified_gmt":"2020-11-07T06:16:23","slug":"tum-valiliklerde-elektrik-akimi-ile-yeniden-beslenmeye-basladi","status":"publish","type":"post","link":"https:\/\/archive.sana.sy\/tr\/?p=221668","title":{"rendered":"T\u00fcm Illere Elektrik Verilmeye Ba\u015fland\u0131"},"content":{"rendered":"<p>\u015eAM \u2013 Elektrik Bakanl\u0131\u011f\u0131, Suriye&#8217;de bu sabah meydana gelen genel kesintisinden sonra elektri\u011fin t\u00fcm illere kademeli olarak yeniden verilmeye ba\u015fland\u0131\u011f\u0131n\u0131 belirtti.<\/p>\n<p>Bakanl\u0131ktaki bir kaynak SANA&#8217;ya yapt\u0131\u011f\u0131 a\u00e7\u0131klamada, elektrik ak\u0131m\u0131n\u0131n kademeli olarak t\u00fcm illere yeniden verilmeye ba\u015fland\u0131\u011f\u0131n\u0131 belirtirken, bak\u0131m at\u00f6lyelerinin \u00f6n\u00fcm\u00fczdeki birka\u00e7 saat i\u00e7inde normale d\u00f6nd\u00fcrmek i\u00e7in \u00e7al\u0131\u015ft\u0131klar\u0131na i\u015faret atti.<\/p>\n<p>\u00c7eviri: M.Y<\/p>\n<p>&nbsp;<\/p>\n","protected":false},"excerpt":{"rendered":"<p>\u015eAM \u2013 Elektrik Bakanl\u0131\u011f\u0131, Suriye&#8217;de bu sabah meydana gelen genel kesintisinden sonra elektri\u011fin t\u00fcm illere kademeli olarak yeniden verilmeye ba\u015fland\u0131\u011f\u0131n\u0131 belirtti. Bakanl\u0131ktaki bir kaynak SANA&#8217;ya yapt\u0131\u011f\u0131 a\u00e7\u0131klamada, elektrik ak\u0131m\u0131n\u0131n kademeli olarak t\u00fcm illere yeniden verilmeye ba\u015fland\u0131\u011f\u0131n\u0131 belirtirken, bak\u0131m at\u00f6lyelerinin \u00f6n\u00fcm\u00fczdeki birka\u00e7 saat i\u00e7inde normale d\u00f6nd\u00fcrmek i\u00e7in \u00e7al\u0131\u015ft\u0131klar\u0131na i\u015faret atti. \u00c7eviri: M.Y &nbsp;<\/p>\n","protected":false},"author":36,"featured_media":221669,"comment_status":"closed","ping_status":"closed","sticky":false,"template":"","format":"standard","meta":{"footnotes":""},"categories":[526,479,17988,525,478],"tags":[],"class_list":["post-221668","post","type-post","status-publish","format-standard","has-post-thumbnail","","category-haber-ve-raporlar","category-haberler-yerel","category-son-haberler","category-toplum","category-yerel"],"_links":{"self":[{"href":"https:\/\/archive.sana.sy\/tr\/index.php?rest_route=\/wp\/v2\/posts\/221668","targetHints":{"allow":["GET"]}}],"collection":[{"href":"https:\/\/archive.sana.sy\/tr\/index.php?rest_route=\/wp\/v2\/posts"}],"about":[{"href":"https:\/\/archive.sana.sy\/tr\/index.php?rest_route=\/wp\/v2\/types\/post"}],"author":[{"embeddable":true,"href":"https:\/\/archive.sana.sy\/tr\/index.php?rest_route=\/wp\/v2\/users\/36"}],"replies":[{"embeddable":true,"href":"https:\/\/archive.sana.sy\/tr\/index.php?rest_route=%2Fwp%2Fv2%2Fcomments&post=221668"}],"version-history":[{"count":0,"href":"https:\/\/archive.sana.sy\/tr\/index.php?rest_route=\/wp\/v2\/posts\/221668\/revisions"}],"wp:featuredmedia":[{"embeddable":true,"href":"https:\/\/archive.sana.sy\/tr\/index.php?rest_route=\/wp\/v2\/media\/221669"}],"wp:attachment":[{"href":"https:\/\/archive.sana.sy\/tr\/index.php?rest_route=%2Fwp%2Fv2%2Fmedia&parent=221668"}],"wp:term":[{"taxonomy":"category","embeddable":true,"href":"https:\/\/archive.sana.sy\/tr\/index.php?rest_route=%2Fwp%2Fv2%2Fcategories&post=221668"},{"taxonomy":"post_tag","embeddable":true,"href":"https:\/\/archive.sana.sy\/tr\/index.php?rest_route=%2Fwp%2Fv2%2Ftags&post=221668"}],"curies":[{"name":"wp","href":"https:\/\/api.w.org\/{rel}","templated":true}]}}