{"id":22168,"date":"2015-01-28T21:07:40","date_gmt":"2015-01-28T19:07:40","guid":{"rendered":"http:\/\/www.sana.sy\/tr\/?p=22168"},"modified":"2015-01-28T21:07:40","modified_gmt":"2015-01-28T19:07:40","slug":"vatana-duyulan-baglilik-ve-vefa-gonullu-calismalarda-ifade-buluyor","status":"publish","type":"post","link":"https:\/\/archive.sana.sy\/tr\/?p=22168","title":{"rendered":"Vatana Duyulan Ba\u011fl\u0131l\u0131k ve Vefa G\u00f6n\u00fcll\u00fc \u00c7al\u0131\u015fmalarda \u0130fade Buluyor"},"content":{"rendered":"<p>S\u00dcVEYDA \u2013 G\u00f6n\u00fcll\u00fc \u00e7al\u0131\u015fma, Suriye halk\u0131n\u0131n vatan\u0131na kar\u015f\u0131 duydu\u011fu ba\u011fl\u0131k ve vefan\u0131n ya\u015famdaki fiili kar\u015f\u0131l\u0131\u011f\u0131 olmakla birlikte bir halk\u0131n vatan \u00e7at\u0131s\u0131 alt\u0131nda birlik ve b\u00fct\u00fcnl\u00fck i\u00e7erisinde ya\u015famas\u0131n\u0131n yans\u0131mas\u0131n\u0131 te\u015fkil ediyor.<\/p>\n<p><a href=\"http:\/\/www.sana.sy\/tr\/wp-content\/uploads\/2015\/01\/S\u00fcveyda-12.jpg\"><img loading=\"lazy\" decoding=\"async\" class=\"alignright wp-image-22170 size-medium\" src=\"http:\/\/www.sana.sy\/tr\/wp-content\/uploads\/2015\/01\/S\u00fcveyda-12-300x212.jpg\" alt=\"S\u00fcveyda 1\" width=\"300\" height=\"212\" srcset=\"https:\/\/archive.sana.sy\/tr\/wp-content\/uploads\/2015\/01\/S\u00fcveyda-12-300x212.jpg 300w, https:\/\/archive.sana.sy\/tr\/wp-content\/uploads\/2015\/01\/S\u00fcveyda-12-150x106.jpg 150w, https:\/\/archive.sana.sy\/tr\/wp-content\/uploads\/2015\/01\/S\u00fcveyda-12-1024x724.jpg 1024w\" sizes=\"auto, (max-width: 300px) 100vw, 300px\" \/><\/a>S\u00fcveyda ilinde elektrik alan\u0131nda bilgi ve deneyim sahibi 5 vatanda\u015f g\u00f6n\u00fcll\u00fc olarak bir ekip olu\u015fturarak elektrik hatlar\u0131nda meydana gelen ar\u0131zalar\u0131 onarmaya ba\u015flad\u0131lar.<\/p>\n<p>Bu \u015fekilde elektrik kesintilerini ve \u015febekede meydana gelecek aksakl\u0131klar\u0131 en aza indirmeyi ama\u00e7layan g\u00f6n\u00fcll\u00fc vatanda\u015flar ellerindeki imkanlar\u0131 kullanarak ar\u0131zalara m\u00fcdahale ederek elektrik kesintilerinden meydana gelen s\u0131k\u0131nt\u0131lar\u0131 hafifletiyorlar.<\/p>\n<p><a href=\"http:\/\/www.sana.sy\/tr\/wp-content\/uploads\/2015\/01\/S\u00fcveyda-22.jpg\"><img loading=\"lazy\" decoding=\"async\" class=\"alignright wp-image-22171 size-medium\" src=\"http:\/\/www.sana.sy\/tr\/wp-content\/uploads\/2015\/01\/S\u00fcveyda-22-300x230.jpg\" alt=\"S\u00fcveyda 2\" width=\"300\" height=\"230\" srcset=\"https:\/\/archive.sana.sy\/tr\/wp-content\/uploads\/2015\/01\/S\u00fcveyda-22-300x230.jpg 300w, https:\/\/archive.sana.sy\/tr\/wp-content\/uploads\/2015\/01\/S\u00fcveyda-22-150x115.jpg 150w, https:\/\/archive.sana.sy\/tr\/wp-content\/uploads\/2015\/01\/S\u00fcveyda-22-1024x786.jpg 1024w\" sizes=\"auto, (max-width: 300px) 100vw, 300px\" \/><\/a>Muhammed Ebu \u015eomar, Milar Creys el Hezim, M\u00fcn\u015fa el H\u00fcseyin, Hani el \u015eair ve Vail el Hekim isimli g\u00f6n\u00fcll\u00fc vatanda\u015flar k\u00f6t\u00fc hava ko\u015fullar\u0131na ra\u011fmen elektrik direkleri ba\u011flant\u0131lar\u0131 ve y\u00fcksek gerilim hatlar\u0131 ar\u0131zalar\u0131 dahil imkanlar\u0131n\u0131n el verdi\u011fi b\u00fct\u00fcn ar\u0131zalar\u0131 onar\u0131yorlar.<\/p>\n<p>S\u00fcveyda Elektrik Kurumu \u00c7al\u0131\u015ft\u0131rma Ofisi M\u00fcd\u00fcr\u00fc \u011eassan Nas\u0131r SANA\u2019ya yapt\u0131\u011f\u0131 a\u00e7\u0131klamada vatanda\u015flar\u0131n kuruma ba\u015fvuru yaparak g\u00f6n\u00fcll\u00fc olarak \u00e7al\u0131\u015fma taleplerini bildirdikten sonra kurum taraf\u0131ndan te\u00e7hizat deste\u011fi yap\u0131ld\u0131\u011f\u0131n\u0131 ifade ederek g\u00f6n\u00fcll\u00fc ekibin \u00e7al\u0131\u015fmalar\u0131n\u0131 kurum ile koordinasyon i\u00e7erisinde s\u00fcrd\u00fcrd\u00fc\u011f\u00fcn\u00fc belirtti.<\/p>\n<p>\u00d6te yandan SANA\u2019ya a\u00e7\u0131klama yapan g\u00f6n\u00fcll\u00fc vatanda\u015flar, vatana ve memleket evlatlar\u0131na hizmet i\u00e7in her zaman haz\u0131r olduklar\u0131n\u0131 dile getirerek ya\u015fanmakta olan ko\u015fullarda mesleklerini vatan ve halk i\u00e7in icra etmenin kendileri i\u00e7in bir onur te\u015fkil etti\u011fini vurgulad\u0131lar.<\/p>\n<p>F.B.- M.M.<\/p>\n","protected":false},"excerpt":{"rendered":"<p>S\u00dcVEYDA \u2013 G\u00f6n\u00fcll\u00fc \u00e7al\u0131\u015fma, Suriye halk\u0131n\u0131n vatan\u0131na kar\u015f\u0131 duydu\u011fu ba\u011fl\u0131k ve vefan\u0131n ya\u015famdaki fiili kar\u015f\u0131l\u0131\u011f\u0131 olmakla birlikte bir halk\u0131n vatan \u00e7at\u0131s\u0131 alt\u0131nda birlik ve b\u00fct\u00fcnl\u00fck i\u00e7erisinde ya\u015famas\u0131n\u0131n yans\u0131mas\u0131n\u0131 te\u015fkil ediyor. S\u00fcveyda ilinde elektrik alan\u0131nda bilgi ve deneyim sahibi 5 vatanda\u015f g\u00f6n\u00fcll\u00fc olarak bir ekip olu\u015fturarak elektrik hatlar\u0131nda meydana gelen ar\u0131zalar\u0131 onarmaya ba\u015flad\u0131lar. Bu \u015fekilde elektrik &hellip;<\/p>\n","protected":false},"author":1,"featured_media":22169,"comment_status":"closed","ping_status":"closed","sticky":false,"template":"","format":"standard","meta":{"footnotes":""},"categories":[1],"tags":[10833,10831,10832,10830,10829,10834],"class_list":["post-22168","post","type-post","status-publish","format-standard","has-post-thumbnail","","category-news-not-sorted","tag-hani-el-sair-ve-vail-el-hekim-isimli-gonullu-vatandaslar-kotu-hava-kosullarina-ragmen-elektrik-direkleri-baglantilari-ve-yuksek-gerilim-hatlari-arizalari-dahil-imkanlarinin-el-verdigi-butun-arizalari","tag-milar-creys-el-hezim","tag-munsa-el-huseyin","tag-suriye-halkinin-vatanina-karsi-duydugu-baglik-ve-vefanin-yasamdaki-fiili-karsiligi-olmakla-birlikte-bir-halkin-vatan-catisi-altinda-birlik-ve-butunluk-icerisinde-yasamasinin-yansimasini-teskil-ediyor","tag-vatana-duyulan-baglilik-ve-vefa-gonullu-calismalarda-ifade-buluyor-suveyda-gonullu-calisma","tag-vatana-ve-memleket-evlatlarina-hizmet-icin-her-zaman-hazir-olduklarini-dile-getirerek-yasanmakta-olan-kosullarda-mesleklerini-vatan-ve-halk-icin-icra-etmenin-kendileri-icin-bir-onur-teskil-ettigini-vu"],"_links":{"self":[{"href":"https:\/\/archive.sana.sy\/tr\/index.php?rest_route=\/wp\/v2\/posts\/22168","targetHints":{"allow":["GET"]}}],"collection":[{"href":"https:\/\/archive.sana.sy\/tr\/index.php?rest_route=\/wp\/v2\/posts"}],"about":[{"href":"https:\/\/archive.sana.sy\/tr\/index.php?rest_route=\/wp\/v2\/types\/post"}],"author":[{"embeddable":true,"href":"https:\/\/archive.sana.sy\/tr\/index.php?rest_route=\/wp\/v2\/users\/1"}],"replies":[{"embeddable":true,"href":"https:\/\/archive.sana.sy\/tr\/index.php?rest_route=%2Fwp%2Fv2%2Fcomments&post=22168"}],"version-history":[{"count":0,"href":"https:\/\/archive.sana.sy\/tr\/index.php?rest_route=\/wp\/v2\/posts\/22168\/revisions"}],"wp:featuredmedia":[{"embeddable":true,"href":"https:\/\/archive.sana.sy\/tr\/index.php?rest_route=\/wp\/v2\/media\/22169"}],"wp:attachment":[{"href":"https:\/\/archive.sana.sy\/tr\/index.php?rest_route=%2Fwp%2Fv2%2Fmedia&parent=22168"}],"wp:term":[{"taxonomy":"category","embeddable":true,"href":"https:\/\/archive.sana.sy\/tr\/index.php?rest_route=%2Fwp%2Fv2%2Fcategories&post=22168"},{"taxonomy":"post_tag","embeddable":true,"href":"https:\/\/archive.sana.sy\/tr\/index.php?rest_route=%2Fwp%2Fv2%2Ftags&post=22168"}],"curies":[{"name":"wp","href":"https:\/\/api.w.org\/{rel}","templated":true}]}}