{"id":221873,"date":"2020-11-09T14:01:01","date_gmt":"2020-11-09T12:01:01","guid":{"rendered":"http:\/\/107.6.182.27\/tr\/?p=221873"},"modified":"2020-11-10T16:54:28","modified_gmt":"2020-11-10T14:54:28","slug":"el-esad-putin-ile-gorusmede-uluslararasi-multecilerin-donusu-konferansi-bu-insani-meseleye-bir-cozumun-baslangicidir","status":"publish","type":"post","link":"https:\/\/archive.sana.sy\/tr\/?p=221873","title":{"rendered":"El Esad, Putin \u0130le G\u00f6r\u00fc\u015fmede: Uluslararas\u0131 M\u00fcltecilerin D\u00f6n\u00fc\u015f\u00fc Konferans\u0131 Bu \u0130nsani Meseleye Bir \u00c7\u00f6z\u00fcm\u00fcn Ba\u015flang\u0131c\u0131d\u0131r (V\u0130DEO)"},"content":{"rendered":"<p>\u015eAM \u2013 Cumhurba\u015fkan\u0131 Be\u015f\u015far el Esad, m\u00fcltecilerin d\u00f6n\u00fc\u015f\u00fc i\u00e7in \u015eam&#8217;da d\u00fczenlenecek uluslararas\u0131 konferans\u0131n bu insani sorunu \u00e7\u00f6zmenin sadece ba\u015flang\u0131c\u0131 oldu\u011funu vurgulayarak, en fazla say\u0131da m\u00fcltecinin Suriye&#8217;ye d\u00f6nmek istedi\u011fine i\u015faret etti.<\/p>\n<p>Cumhurba\u015fkan\u0131 Be\u015f\u015far el Esad, bug\u00fcn Rusya Ba\u015fkan\u0131 Vladimir Putin ile bulundu\u011fu video konferans\u0131 s\u0131ras\u0131nda; devletin uygun durumlar\u0131 yaratt\u0131ktan sonra en fazla say\u0131da m\u00fcltecinin Suriye\u2019ye d\u00f6nmek istedi\u011fine i\u015faret ederken, m\u00fcltecilerin d\u00f6n\u00fc\u015f\u00fc konulu konferans\u0131n \u00f6nemli sonu\u00e7lar do\u011furaca\u011f\u0131n\u0131 umutlad\u0131klar\u0131n\u0131 dile getirdi.<\/p>\n<p><a href=\"http:\/\/107.6.182.27\/tr\/wp-content\/uploads\/2020\/11\/president-22.jpg\"><img loading=\"lazy\" decoding=\"async\" class=\"alignright size-medium wp-image-221876\" src=\"http:\/\/107.6.182.27\/tr\/wp-content\/uploads\/2020\/11\/president-22-300x168.jpg\" alt=\"\" width=\"300\" height=\"168\" srcset=\"https:\/\/archive.sana.sy\/tr\/wp-content\/uploads\/2020\/11\/president-22-300x168.jpg 300w, https:\/\/archive.sana.sy\/tr\/wp-content\/uploads\/2020\/11\/president-22-150x84.jpg 150w, https:\/\/archive.sana.sy\/tr\/wp-content\/uploads\/2020\/11\/president-22.jpg 660w\" sizes=\"auto, (max-width: 300px) 100vw, 300px\" \/><\/a>Konferans s\u0131ras\u0131nda el Esad; \u201cm\u00fcltecilerin b\u00fcy\u00fck bir k\u0131sm\u0131n\u0131n, \u00f6zellikle devletin baz\u0131lar\u0131 yasal ve baz\u0131lar\u0131 geri d\u00f6n\u00fc\u015f prosed\u00fcrleriyle ilgili \u00e7ok say\u0131da tesis sa\u011flad\u0131ktan sonra, Suriye&#8217;ye geri d\u00f6nmeyi \u015fiddetle arzulad\u0131\u011f\u0131n\u0131\u201d s\u00f6yledi.<\/p>\n<p>Ba\u015fkan el Esad; \u201cm\u00fclteci sorunu bizim i\u00e7in, sizler ve bir\u00e7ok \u00fclke i\u00e7in insani bir sorundur, ancak bizim i\u00e7in ulusal bir meseledir ve Uluslararas\u0131 M\u00fcltecilerin D\u00f6n\u00fc\u015f\u00fc Konferans\u0131&#8217;n\u0131n bu insani sorunu \u00e7\u00f6zmenin sadece ba\u015flang\u0131c\u0131d\u0131r\u201d ifadelerini ekledi.<\/p>\n<p>Suriye&#8217;deki her evin m\u00fclteci meselesini \u00f6nemsedi\u011fine i\u015faret eden el Esad; \u201cbu konunun bir sonraki a\u015famada h\u00fck\u00fcmet olarak bizim i\u00e7in \u00f6nceliktir, \u00f6zellikle de devam eden ter\u00f6rizme ra\u011fmen b\u00f6lgelerin b\u00fcy\u00fck bir k\u0131sm\u0131n\u0131n kurtar\u0131lmas\u0131n\u0131n ve sava\u015f alan\u0131n\u0131n geri \u00e7ekilmesinin ard\u0131ndan\u201d dedi. Bu ba\u011flamda el Esad; \u201cKonferans\u0131n bizler, siz ve bu konuyla ilgilenen di\u011fer \u00fclkelerle ilgilenmesi ve bizim i\u00e7in sebeplerinden dolay\u0131 ve bildi\u011finiz \u00fczere m\u00fcltecilerin en b\u00fcy\u00fck k\u0131sm\u0131n\u0131 ter\u00f6rden ka\u00e7anlar olu\u015fturuyor\u201d s\u00f6zlerine ekledi.<\/p>\n<p>Ba\u015fkan el Esad; m\u00fcltecilerin d\u00f6n\u00fc\u015f\u00fcn\u00fcn \u00f6n\u00fcndeki en b\u00fcy\u00fck engelin Suriye&#8217;ye, devlete ve halka uygulanan Bat\u0131 ablukas\u0131 oldu\u011funu ve bu nedenle bu m\u00fcltecilerin geri d\u00f6n\u00fc\u015f\u00fcn\u00fcn ge\u00e7im kaynaklar\u0131 i\u00e7in gerekli temel ihtiya\u00e7lar\u0131n kar\u015f\u0131lanmas\u0131 gerekti\u011fini belirtti.<\/p>\n<p>Cumhurba\u015fkan\u0131 Esad; \u201cSuriye&#8217;de bizim i\u00e7in bu konferansta pratik sonu\u00e7lar \u00fcretece\u011fine dair b\u00fcy\u00fck umutlar\u0131m\u0131z var &#8230; ve tabii ki Suriye h\u00fck\u00fcmeti sadece haz\u0131r de\u011fil, \u00f6n\u00fcm\u00fczdeki birka\u00e7 ay i\u00e7inde en b\u00fcy\u00fck say\u0131n\u0131n geri d\u00f6nd\u00fc\u011f\u00fcn\u00fc g\u00f6rmek i\u00e7in bu sonu\u00e7lar\u0131 \u00e7\u0131karmaya isteklidir\u201d ifadelerini kulland\u0131.<\/p>\n<p>Cumhurba\u015fkan\u0131 Esad; \u201cSuriye&#8217;de bizim i\u00e7in bu konferansta pratik sonu\u00e7lar \u00fcretece\u011fine dair b\u00fcy\u00fck umutlar\u0131m\u0131z var &#8230; ve tabii ki Suriye h\u00fck\u00fcmeti sadece haz\u0131r de\u011fil, \u00f6n\u00fcm\u00fczdeki birka\u00e7 ay i\u00e7inde en b\u00fcy\u00fck say\u0131n\u0131n geri d\u00f6nd\u00fc\u011f\u00fcn\u00fc g\u00f6rmek i\u00e7in bu sonu\u00e7lar\u0131 \u00e7\u0131karmaya isteklidir\u201d ifadelerini kulland\u0131. El Esad devam ederek; Sadece uzla\u015fma \u00e7er\u00e7evesinde de\u011fil, bu m\u00fcltecilerin b\u00fcy\u00fck bir k\u0131sm\u0131 Suriye h\u00fck\u00fcmetinin destek\u00e7ileridir, ancak mevcut ko\u015fullar onun geri d\u00f6nmesine izin vermemektedir.. ve Suriye h\u00fck\u00fcmetinin geri d\u00f6nenlere kar\u015f\u0131 g\u00f6revlerini yerine getirebilmesi i\u00e7in Sizin \u00e7abalar\u0131n\u0131zla ve di\u011fer kat\u0131l\u0131mc\u0131 \u00fclkelerin \u00e7abalar\u0131yla, bu yasad\u0131\u015f\u0131 ve adaletsiz ablukay\u0131 azaltma veya kald\u0131rma olas\u0131l\u0131\u011f\u0131n\u0131n olaca\u011f\u0131na dair b\u00fcy\u00fck umutlar\u0131m\u0131z var\u201d dedi.<\/p>\n<p>Konu\u015fmas\u0131n\u0131n sonunda Ba\u015fkan el Esad; &#8220;Bu m\u00fcltecilerin geri d\u00f6n\u00fc\u015f\u00fc i\u00e7in bir sonraki a\u015famaya temel atabilece\u011fimizi umuyoruz &#8230; Ter\u00f6rle m\u00fccadele, yeniden yap\u0131lanma veya geri d\u00f6nen m\u00fclteciler olsun, bu konudaki ilginiz ve Suriye h\u00fck\u00fcmetine \u00e7abalar\u0131ndaki deste\u011finiz i\u00e7in bir kez daha te\u015fekk\u00fcr ediyorum\u201d \u00a0dedi.<\/p>\n<p>\u00c7eviri: P.M.<\/p>\n<p><span style=\"color: #0000ff;\">Devam\u0131 gelecek&#8230;<\/span><\/p>\n<p><iframe loading=\"lazy\" src=\"https:\/\/www.youtube.com\/embed\/ZRP9HNxxl9c\" width=\"620\" height=\"348\" frameborder=\"0\" allowfullscreen=\"allowfullscreen\"><\/iframe><\/p>\n","protected":false},"excerpt":{"rendered":"<p>\u015eAM \u2013 Cumhurba\u015fkan\u0131 Be\u015f\u015far el Esad, m\u00fcltecilerin d\u00f6n\u00fc\u015f\u00fc i\u00e7in \u015eam&#8217;da d\u00fczenlenecek uluslararas\u0131 konferans\u0131n bu insani sorunu \u00e7\u00f6zmenin sadece ba\u015flang\u0131c\u0131 oldu\u011funu vurgulayarak, en fazla say\u0131da m\u00fcltecinin Suriye&#8217;ye d\u00f6nmek istedi\u011fine i\u015faret etti. Cumhurba\u015fkan\u0131 Be\u015f\u015far el Esad, bug\u00fcn Rusya Ba\u015fkan\u0131 Vladimir Putin ile bulundu\u011fu video konferans\u0131 s\u0131ras\u0131nda; devletin uygun durumlar\u0131 yaratt\u0131ktan sonra en fazla say\u0131da m\u00fcltecinin Suriye\u2019ye d\u00f6nmek &hellip;<\/p>\n","protected":false},"author":1,"featured_media":221874,"comment_status":"closed","ping_status":"closed","sticky":false,"template":"","format":"standard","meta":{"footnotes":""},"categories":[608,596,479,605,17988,478],"tags":[],"class_list":["post-221873","post","type-post","status-publish","format-standard","has-post-thumbnail","","category-etkinlikler","category-fotografli-raporlar","category-haberler-yerel","category-sayin-cumhurbaskani","category-son-haberler","category-yerel"],"_links":{"self":[{"href":"https:\/\/archive.sana.sy\/tr\/index.php?rest_route=\/wp\/v2\/posts\/221873","targetHints":{"allow":["GET"]}}],"collection":[{"href":"https:\/\/archive.sana.sy\/tr\/index.php?rest_route=\/wp\/v2\/posts"}],"about":[{"href":"https:\/\/archive.sana.sy\/tr\/index.php?rest_route=\/wp\/v2\/types\/post"}],"author":[{"embeddable":true,"href":"https:\/\/archive.sana.sy\/tr\/index.php?rest_route=\/wp\/v2\/users\/1"}],"replies":[{"embeddable":true,"href":"https:\/\/archive.sana.sy\/tr\/index.php?rest_route=%2Fwp%2Fv2%2Fcomments&post=221873"}],"version-history":[{"count":0,"href":"https:\/\/archive.sana.sy\/tr\/index.php?rest_route=\/wp\/v2\/posts\/221873\/revisions"}],"wp:featuredmedia":[{"embeddable":true,"href":"https:\/\/archive.sana.sy\/tr\/index.php?rest_route=\/wp\/v2\/media\/221874"}],"wp:attachment":[{"href":"https:\/\/archive.sana.sy\/tr\/index.php?rest_route=%2Fwp%2Fv2%2Fmedia&parent=221873"}],"wp:term":[{"taxonomy":"category","embeddable":true,"href":"https:\/\/archive.sana.sy\/tr\/index.php?rest_route=%2Fwp%2Fv2%2Fcategories&post=221873"},{"taxonomy":"post_tag","embeddable":true,"href":"https:\/\/archive.sana.sy\/tr\/index.php?rest_route=%2Fwp%2Fv2%2Ftags&post=221873"}],"curies":[{"name":"wp","href":"https:\/\/api.w.org\/{rel}","templated":true}]}}