{"id":221893,"date":"2020-11-09T22:45:36","date_gmt":"2020-11-09T20:45:36","guid":{"rendered":"http:\/\/107.6.182.27\/tr\/?p=221893"},"modified":"2020-11-10T17:31:06","modified_gmt":"2020-11-10T15:31:06","slug":"dsg-milislari-savlarinda-savastirmak-icin-kamislidan-gencler-kaciriyor","status":"publish","type":"post","link":"https:\/\/archive.sana.sy\/tr\/?p=221893","title":{"rendered":"DSG Milislar\u0131, Savlar\u0131nda Sava\u015ft\u0131rmak \u0130\u00e7in Kam\u0131\u015fl\u0131\u2019dan Gen\u00e7ler Ka\u00e7\u0131r\u0131yor"},"content":{"rendered":"<p>HASEKE \u2013 ABD destekli DSG milisleri, Haseke K\u0131rsal\u0131n\u0131n Kam\u0131\u015fl\u0131 kentinden bir\u00e7ok genci saflar\u0131nda sava\u015fmaya zorlamak i\u00e7in ka\u00e7\u0131rd\u0131.<\/p>\n<p>Yerek kaynaklar SANA\u2019ya a\u00e7\u0131klamas\u0131nda, DSG milislerinin Kam\u0131\u015fl\u0131 kentinde baz\u0131 evleri bas\u0131p bir\u00e7ok genci silah zoruyla e\u011fitim karargahlar\u0131na sevk ettiklerini ifade etti.<\/p>\n<p>D\u00fcn de ABD destekli DSG milisleri Deyrezzor\u2019un El Bseyre kentinde Amerikan helikopterler u\u00e7u\u015fu esnas\u0131nda evleri basm\u0131\u015f ve 5 genci ka\u00e7\u0131rm\u0131\u015ft\u0131.<\/p>\n<p>&nbsp;<\/p>\n","protected":false},"excerpt":{"rendered":"<p>HASEKE \u2013 ABD destekli DSG milisleri, Haseke K\u0131rsal\u0131n\u0131n Kam\u0131\u015fl\u0131 kentinden bir\u00e7ok genci saflar\u0131nda sava\u015fmaya zorlamak i\u00e7in ka\u00e7\u0131rd\u0131. Yerek kaynaklar SANA\u2019ya a\u00e7\u0131klamas\u0131nda, DSG milislerinin Kam\u0131\u015fl\u0131 kentinde baz\u0131 evleri bas\u0131p bir\u00e7ok genci silah zoruyla e\u011fitim karargahlar\u0131na sevk ettiklerini ifade etti. D\u00fcn de ABD destekli DSG milisleri Deyrezzor\u2019un El Bseyre kentinde Amerikan helikopterler u\u00e7u\u015fu esnas\u0131nda evleri basm\u0131\u015f ve &hellip;<\/p>\n","protected":false},"author":1,"featured_media":221894,"comment_status":"closed","ping_status":"closed","sticky":false,"template":"","format":"standard","meta":{"footnotes":""},"categories":[479,575,17988,478],"tags":[],"class_list":["post-221893","post","type-post","status-publish","format-standard","has-post-thumbnail","","category-haberler-yerel","category-olaylar-ve-gercekler","category-son-haberler","category-yerel"],"_links":{"self":[{"href":"https:\/\/archive.sana.sy\/tr\/index.php?rest_route=\/wp\/v2\/posts\/221893","targetHints":{"allow":["GET"]}}],"collection":[{"href":"https:\/\/archive.sana.sy\/tr\/index.php?rest_route=\/wp\/v2\/posts"}],"about":[{"href":"https:\/\/archive.sana.sy\/tr\/index.php?rest_route=\/wp\/v2\/types\/post"}],"author":[{"embeddable":true,"href":"https:\/\/archive.sana.sy\/tr\/index.php?rest_route=\/wp\/v2\/users\/1"}],"replies":[{"embeddable":true,"href":"https:\/\/archive.sana.sy\/tr\/index.php?rest_route=%2Fwp%2Fv2%2Fcomments&post=221893"}],"version-history":[{"count":0,"href":"https:\/\/archive.sana.sy\/tr\/index.php?rest_route=\/wp\/v2\/posts\/221893\/revisions"}],"wp:featuredmedia":[{"embeddable":true,"href":"https:\/\/archive.sana.sy\/tr\/index.php?rest_route=\/wp\/v2\/media\/221894"}],"wp:attachment":[{"href":"https:\/\/archive.sana.sy\/tr\/index.php?rest_route=%2Fwp%2Fv2%2Fmedia&parent=221893"}],"wp:term":[{"taxonomy":"category","embeddable":true,"href":"https:\/\/archive.sana.sy\/tr\/index.php?rest_route=%2Fwp%2Fv2%2Fcategories&post=221893"},{"taxonomy":"post_tag","embeddable":true,"href":"https:\/\/archive.sana.sy\/tr\/index.php?rest_route=%2Fwp%2Fv2%2Ftags&post=221893"}],"curies":[{"name":"wp","href":"https:\/\/api.w.org\/{rel}","templated":true}]}}