{"id":221899,"date":"2020-11-09T23:18:41","date_gmt":"2020-11-09T21:18:41","guid":{"rendered":"http:\/\/107.6.182.27\/tr\/?p=221899"},"modified":"2020-11-10T17:31:11","modified_gmt":"2020-11-10T15:31:11","slug":"okul-asi-kampanyasi-suriye-bazinda-haseke-okullarindan-basladi","status":"publish","type":"post","link":"https:\/\/archive.sana.sy\/tr\/?p=221899","title":{"rendered":"Okul A\u015f\u0131 Kampanyas\u0131 Suriye Baz\u0131nda Haseke Okullar\u0131ndan Ba\u015flad\u0131"},"content":{"rendered":"<p>HASEKE \u2013 E\u011fitim Bakanl\u0131\u011f\u0131\u2019n\u0131n Sa\u011fl\u0131k ve Yerel Y\u00f6netim Bakanl\u0131klar\u0131 ile i\u015fbirl\u011fiyle ba\u015flatt\u0131\u011f\u0131 \u2018\u2019Okul A\u015f\u0131 Kampanyas\u2019\u2019\u0131n\u0131 Haseke ilinden start etti.<\/p>\n<p>SANA\u2019ya a\u00e7\u0131klamada bulunan E\u011fitim Bakanl\u0131\u011f\u0131nda sa\u011fl\u0131k m\u00fcd\u00fcr\u00fc Dr. Hutun El Tuva\u015fi, kampanyan\u0131n ilin \u00f6nemine ve \u00f6zelli\u011fine nazaran Haseke\u2019den ba\u015flad\u0131\u011f\u0131n\u0131,ne var ki s\u0131n\u0131flar\u0131n yo\u011fun oldu\u011fu i\u00e7in a\u015f\u0131n\u0131n kritik \u00f6nemde oldu\u011funa dikkat \u00e7ekti.<\/p>\n<p>Dr. El Teva\u015fi, s\u00f6zkonusu kampanyada Suriye baz\u0131nda 414 bin \u00e7ocu\u011fun a\u015f\u0131lamas\u0131 hedeflemekte oldu\u011funu belirtti.<\/p>\n<p>Kendi y\u00f6n\u00fcnden Haseke E\u011fitim M\u00fcd\u00fcr\u00fc \u0130lham Surhan, Okul Sa\u011fl\u0131\u011f\u0131 ile i\u015fbirlik yaparak a\u015f\u0131n\u0131n b\u00fct\u00fcn \u00e7ocuklara ula\u015fmas\u0131na \u00f6zen g\u00f6stereceklerine de\u011findi. ne var ki ABD destekli DSG milislerinin baz\u0131 okullara el koydu\u011fu ve ailelerin devletin hakimiyeti alt\u0131ndaki b\u00f6lgelere ve okullara ta\u015f\u0131nd\u0131klar\u0131 i\u00e7in okullarda ya\u015fanan \u00e7ocuk yo\u011funlu\u011funun bulundu\u011funu belirtti.<\/p>\n<p>&nbsp;<\/p>\n<p>&nbsp;<\/p>\n","protected":false},"excerpt":{"rendered":"<p>HASEKE \u2013 E\u011fitim Bakanl\u0131\u011f\u0131\u2019n\u0131n Sa\u011fl\u0131k ve Yerel Y\u00f6netim Bakanl\u0131klar\u0131 ile i\u015fbirl\u011fiyle ba\u015flatt\u0131\u011f\u0131 \u2018\u2019Okul A\u015f\u0131 Kampanyas\u2019\u2019\u0131n\u0131 Haseke ilinden start etti. SANA\u2019ya a\u00e7\u0131klamada bulunan E\u011fitim Bakanl\u0131\u011f\u0131nda sa\u011fl\u0131k m\u00fcd\u00fcr\u00fc Dr. Hutun El Tuva\u015fi, kampanyan\u0131n ilin \u00f6nemine ve \u00f6zelli\u011fine nazaran Haseke\u2019den ba\u015flad\u0131\u011f\u0131n\u0131,ne var ki s\u0131n\u0131flar\u0131n yo\u011fun oldu\u011fu i\u00e7in a\u015f\u0131n\u0131n kritik \u00f6nemde oldu\u011funa dikkat \u00e7ekti. Dr. El Teva\u015fi, s\u00f6zkonusu kampanyada &hellip;<\/p>\n","protected":false},"author":1,"featured_media":221900,"comment_status":"closed","ping_status":"closed","sticky":false,"template":"","format":"standard","meta":{"footnotes":""},"categories":[541,479,17988,538,478],"tags":[],"class_list":["post-221899","post","type-post","status-publish","format-standard","has-post-thumbnail","","category-haberler","category-haberler-yerel","category-son-haberler","category-yasam","category-yerel"],"_links":{"self":[{"href":"https:\/\/archive.sana.sy\/tr\/index.php?rest_route=\/wp\/v2\/posts\/221899","targetHints":{"allow":["GET"]}}],"collection":[{"href":"https:\/\/archive.sana.sy\/tr\/index.php?rest_route=\/wp\/v2\/posts"}],"about":[{"href":"https:\/\/archive.sana.sy\/tr\/index.php?rest_route=\/wp\/v2\/types\/post"}],"author":[{"embeddable":true,"href":"https:\/\/archive.sana.sy\/tr\/index.php?rest_route=\/wp\/v2\/users\/1"}],"replies":[{"embeddable":true,"href":"https:\/\/archive.sana.sy\/tr\/index.php?rest_route=%2Fwp%2Fv2%2Fcomments&post=221899"}],"version-history":[{"count":0,"href":"https:\/\/archive.sana.sy\/tr\/index.php?rest_route=\/wp\/v2\/posts\/221899\/revisions"}],"wp:featuredmedia":[{"embeddable":true,"href":"https:\/\/archive.sana.sy\/tr\/index.php?rest_route=\/wp\/v2\/media\/221900"}],"wp:attachment":[{"href":"https:\/\/archive.sana.sy\/tr\/index.php?rest_route=%2Fwp%2Fv2%2Fmedia&parent=221899"}],"wp:term":[{"taxonomy":"category","embeddable":true,"href":"https:\/\/archive.sana.sy\/tr\/index.php?rest_route=%2Fwp%2Fv2%2Fcategories&post=221899"},{"taxonomy":"post_tag","embeddable":true,"href":"https:\/\/archive.sana.sy\/tr\/index.php?rest_route=%2Fwp%2Fv2%2Ftags&post=221899"}],"curies":[{"name":"wp","href":"https:\/\/api.w.org\/{rel}","templated":true}]}}