{"id":221949,"date":"2020-11-11T10:54:56","date_gmt":"2020-11-11T08:54:56","guid":{"rendered":"http:\/\/107.6.182.27\/tr\/?p=221949"},"modified":"2020-11-12T17:06:56","modified_gmt":"2020-11-12T15:06:56","slug":"esad-multeciler-konusu-suriye-icin-insani-olmakla-birlikte-vatani-bir-davadir-disaridaki-suriyelilerin-cogu-donmek-istemektedir","status":"publish","type":"post","link":"https:\/\/archive.sana.sy\/tr\/?p=221949","title":{"rendered":"Esad: M\u00fclteciler Konusu Suriye \u0130\u00e7in \u0130nsani Olmakla Birlikte Ulusal Bir Davad\u0131r.. D\u0131\u015far\u0131daki Suriyelilerin \u00c7o\u011fu D\u00f6nmek \u0130stiyor (V\u0130DEO)"},"content":{"rendered":"<p>\u015eAM &#8211; Cumhurba\u015fkan\u0131 Be\u015f\u015far el Esad, Suriye i\u00e7in m\u00fclteci sorununun insani olman\u0131n yan\u0131 s\u0131ra ulusal bir sorun oldu\u011funu vurgularken, son birka\u00e7 y\u0131lda y\u00fcz binlerce m\u00fclteciyi geri g\u00f6ndermeyi ba\u015fard\u0131\u011f\u0131m\u0131z\u0131, bug\u00fcn de geri d\u00f6nmek isteyen her m\u00fcltecinin geri d\u00f6n\u00fc\u015f\u00fc ve vatan\u0131n\u0131n in\u015fas\u0131na katk\u0131da bulunmas\u0131 i\u00e7in gayretle \u00e7al\u0131\u015ft\u0131klar\u0131n\u0131 teyit etti.<\/p>\n<p>Cumhurba\u015fkan\u0131 Esad, bug\u00fcn \u015eam&#8217;daki Emevi Konferanslar Saray\u0131&#8217;nda d\u00fczenlenen m\u00fcltecilerin d\u00f6n\u00fc\u015f\u00fc konulu uluslararas\u0131 konferans\u0131n a\u00e7\u0131l\u0131\u015f\u0131nda yapt\u0131\u011f\u0131 video konu\u015fmas\u0131nda; yurtd\u0131\u015f\u0131ndaki Suriyelilerin ezici \u00e7o\u011funlu\u011funun bug\u00fcn anavatanlar\u0131na kar\u015f\u0131 ter\u00f6r\u00fc destekleyen rejimlerin elinde bir kart olarak ve siyasi istismar i\u00e7in listelerde yer al\u0131nmay\u0131 reddettikleri ve anavatanlar\u0131na d\u00f6nmeye her zamankinden daha istekli olduklar\u0131n\u0131 vurgulad\u0131.<\/p>\n<p><span style=\"color: #0000ff;\">Say\u0131n Cumhurba\u015fkan\u0131 Be\u015f\u015far el Esad&#8217;\u0131n Konu\u015fmas\u0131n\u0131n Tam Metni..<\/span><\/p>\n<p>Sevgili misafirlerimiz; \u015eam&#8217;a ho\u015f geldiniz, topraklar\u0131na ayak bast\u0131n\u0131z&#8230; Uzun y\u0131llar s\u00fcren sava\u015f nedeniyle yaralayan ve sert abluka ve ter\u00f6r su\u00e7uyla yaralar\u0131 daha \u00e7ok k\u00f6t\u00fcle\u015fen, ger\u00e7ek a\u015f\u0131klar ve ger\u00e7ekten sad\u0131k olanlarla bulu\u015fmaktan mutluluk duyan.. her zaman ve her yerde insanl\u0131\u011f\u0131n davas\u0131n\u0131 kalplerinde, ak\u0131llar\u0131nda ve vicdanlar\u0131nda ta\u015f\u0131yan Suriye&#8217;ye ho\u015f geldiniz.<img loading=\"lazy\" decoding=\"async\" class=\"size-medium wp-image-221956 alignright\" src=\"http:\/\/107.6.182.27\/tr\/wp-content\/uploads\/2020\/11\/22-1-300x209.jpg\" alt=\"\" width=\"300\" height=\"209\" srcset=\"https:\/\/archive.sana.sy\/tr\/wp-content\/uploads\/2020\/11\/22-1-300x209.jpg 300w, https:\/\/archive.sana.sy\/tr\/wp-content\/uploads\/2020\/11\/22-1-150x104.jpg 150w, https:\/\/archive.sana.sy\/tr\/wp-content\/uploads\/2020\/11\/22-1.jpg 660w\" sizes=\"auto, (max-width: 300px) 100vw, 300px\" \/><\/p>\n<p>Cumhurba\u015fkan\u0131 Esad: &#8220;Ba\u015flang\u0131\u00e7ta, bu konferans\u0131n ba\u015flanmas\u0131n\u0131n engellemesi i\u00e7in b\u00fct\u00fcn uluslararas\u0131 giri\u015fimlerine ra\u011fmen, d\u00fczenlenmesini desteklemek i\u00e7in g\u00f6sterdikleri b\u00fcy\u00fck \u00e7aba ve yo\u011fun \u00e7al\u0131\u015fmalar\u0131 i\u00e7in Rus dostlar\u0131m\u0131za i\u00e7ten te\u015fekk\u00fcrlerimi sunuyorum.<\/p>\n<p>\u0130ranl\u0131 dostlar\u0131m\u0131za da bu konudaki \u00e7abalar\u0131, sava\u015f\u0131n ve ablukan\u0131n etkisinin hafifletilmesine katk\u0131da bulunan ger\u00e7ek deste\u011fi i\u00e7in te\u015fekk\u00fcr ediyorum&#8221; dedi.<\/p>\n<p>Cumhurba\u015fkan\u0131 el Esad: &#8220;\u015eam&#8217;a gelmenizi ve bu konferansa kat\u0131l\u0131m\u0131n\u0131z\u0131 takdir ediyorum, \u00f6zellikle yerinden edilmi\u015f Suriyelileri kabul eden, kucaklayan ve o \u00fclkelerdeki ekonomik s\u0131k\u0131nt\u0131lara ra\u011fmen ge\u00e7im ve i\u015f imkanlar\u0131 \u00e7ocuklar\u0131m\u0131zla payla\u015fan \u00fclkelere te\u015fekk\u00fcr ediyorum&#8221; dedi.<\/p>\n<p>Cumhurba\u015fkan\u0131 Esad; &#8220;baz\u0131 \u00fclkelerin m\u00fcltecileri etik insani ilkeler temelinde kucaklamas\u0131 ger\u00e7e\u011fi &#8230; Bat\u0131&#8217;daki ve b\u00f6lgemizdeki di\u011fer baz\u0131 \u00fclkelerin de insani davalar\u0131n\u0131 siyasi bir pazarl\u0131k \u00e7ipi haline getirerek s\u00f6m\u00fcr\u00fclmesiyle kar\u015f\u0131land\u0131 ve yurtd\u0131\u015f\u0131ndaki o\u011fullar\u0131m\u0131z\u0131n ya\u015fad\u0131\u011f\u0131 ger\u00e7ek ac\u0131y\u0131 dikkate almadan yetkililerinin yolsuzluklar\u0131n\u0131 anlatan bir para kayna\u011f\u0131 haline getirildi&#8221; dedi.<\/p>\n<p>Esad; &#8220;geri d\u00f6n\u00fc\u015flerine uygun ko\u015fullar yaratmak i\u00e7in fiili \u00e7al\u0131\u015fmak yerine, baz\u0131 zamanlarda ayartma ve di\u011fer zamanlarda bask\u0131 ve y\u0131ld\u0131rma yoluyla o \u00fclkelerde kalmaya zorland\u0131lar&#8230; bu \u015fa\u015f\u0131rt\u0131c\u0131 de\u011fil, \u00e7\u00fcnk\u00fc bu h\u00fck\u00fcmetler Suriye&#8217;de ter\u00f6rizmi yaymak i\u00e7in \u00e7ok \u00e7al\u0131\u015ft\u0131lar, bu y\u00fcz binlerce insan\u0131n\u0131n \u00f6l\u00fcm\u00fcne yol a\u00e7t\u0131 ve milyonlarcas\u0131n\u0131n yerinden edilmesine katk\u0131da bulundu&#8221; dedi.<img loading=\"lazy\" decoding=\"async\" class=\"size-medium wp-image-221957 alignright\" src=\"http:\/\/107.6.182.27\/tr\/wp-content\/uploads\/2020\/11\/33-300x169.jpg\" alt=\"\" width=\"300\" height=\"169\" srcset=\"https:\/\/archive.sana.sy\/tr\/wp-content\/uploads\/2020\/11\/33-300x169.jpg 300w, https:\/\/archive.sana.sy\/tr\/wp-content\/uploads\/2020\/11\/33-150x84.jpg 150w, https:\/\/archive.sana.sy\/tr\/wp-content\/uploads\/2020\/11\/33.jpg 660w\" sizes=\"auto, (max-width: 300px) 100vw, 300px\" \/><\/p>\n<p>Cumhurba\u015fkan\u0131 Esad; \u201cD\u00fcnyadaki m\u00fclteci meselesi insani bir mesele ise, bizim i\u00e7in insani olman\u0131n yan\u0131 s\u0131ra ulusal bir mesele&#8230; ve son birka\u00e7 y\u0131lda y\u00fczbinlerce m\u00fclteciyi geri g\u00e7ndermeyi ba\u015fard\u0131k&#8230; bug\u00fcn de geri d\u00f6nmek ve \u00fclkesinin in\u015fas\u0131na katk\u0131da bulunmak isteyen her m\u00fcltecinin geri d\u00f6n\u00fc\u015f\u00fc i\u00e7in gayretle \u00e7al\u0131\u015f\u0131yoruz&#8230; ama engeller b\u00fcy\u00fck.. Suriyeli m\u00fcltecilerin geri d\u00f6nmelerini engellemek i\u00e7in yurtd\u0131\u015f\u0131na maruz kald\u0131klar\u0131 bask\u0131lar\u0131n, ve Amerikan rejimi ve m\u00fcttefiklerinin uygulad\u0131\u011f\u0131 yasa d\u0131\u015f\u0131 ekonomik yapt\u0131r\u0131mlar ve abluka, ter\u00f6rizm nedeniyle tahrip edilen b\u00f6lgelerin altyap\u0131s\u0131n\u0131 yeniden canland\u0131rmay\u0131 hedefleyen Suriyeli devlet kurumlar\u0131n\u0131n m\u00fcltecilerin normal \u015fartlarda geri d\u00f6n\u00fcp d\u00fczg\u00fcn bir hayat ya\u015fayabilmeleri i\u00e7in \u00e7al\u0131\u015fmalar\u0131n\u0131 engelliyor&#8230; bu, bir\u00e7o\u011funun ya\u015fam i\u00e7in asgari temel gereksinimlerin yoklu\u011funda b\u00f6lgelerine ve k\u00f6ylerine geri d\u00f6nme konusundaki isteksizli\u011finin \u00f6nemli bir nedenidir\u201d dedi.<\/p>\n<p>Esad, \u201ct\u00fcm bunlara ra\u011fmen, yurtd\u0131\u015f\u0131ndaki Suriyelilerin ezici \u00e7o\u011funlu\u011fu, art\u0131k anavatanlar\u0131na kar\u015f\u0131 ter\u00f6r\u00fc destekleyen rejimlerin elinde siyasi yat\u0131r\u0131m d\u00fczenlemelerinde bir \u201ckart\u201d olmay\u0131 reddettikleri i\u00e7in anavatanlar\u0131na d\u00f6nmeye her zamankinden daha istekli\u201d dedi.<\/p>\n<p>Esad; \u201cSuriye&#8217;deki m\u00fclteciler meselesi uydurma bir meseledir, Suriye modern ve antik tarihi boyunca birbirini izleyen i\u015fgallerden ve ge\u00e7en y\u00fczy\u0131l\u0131n altm\u0131\u015fl\u0131 y\u0131llar\u0131n\u0131n sonuna kadar s\u00fcrekli kar\u0131\u015f\u0131kl\u0131klardan muzdarip olmas\u0131na ra\u011fmen Suriye&#8217;nin tarihi ve y\u00fczy\u0131llar boyunca kolektif m\u00fclteci stat\u00fcs\u00fcnden yoksundur&#8230; bununla birlikte, ba\u015fkalar\u0131n\u0131n \u00e7e\u015fitli karga\u015fa ve krizlerden ka\u00e7maya ba\u015fvurduklar\u0131 yer olarak kald\u0131, tam tersi de\u011fil&#8230; \u00f6zellikle yirminci y\u00fczy\u0131l\u0131n ba\u015f\u0131ndan ve 2003&#8217;teki Irak i\u015fgaline kadar olan Osmanl\u0131 katliamlar\u0131ndan bu yana ve t\u00fcm bu tarih, Suriye devletinin kurulu\u015fundan \u00f6ncesi ve sonras\u0131, dini veya mezhepsel nedenlerle Suriyeliler aras\u0131nda herhangi bir sava\u015ftan bahsetmedi\u201d dedi.<\/p>\n<p>Esad; \u201cTer\u00f6rizmi yaymak en kolay yoluydu. 2006 y\u0131l\u0131nda Irak&#8217;ta Amerikan himayesi alt\u0131nda \u0130slam Devleti ter\u00f6r \u00f6rg\u00fct\u00fcn\u00fcn kurulmas\u0131 ile ba\u015flayan, ve Suriye&#8217;deki sava\u015f s\u0131ras\u0131nda M\u00fcsl\u00fcman Karde\u015fler, El Nusra Cephesi ve di\u011ferlere kat\u0131larak, altyap\u0131y\u0131 tahrip eden, masum insanlar\u0131 \u00f6ld\u00fcren, kamu hizmetlerini fel\u00e7 eden ve Suriyeliler anavatanlar\u0131ndan ka\u00e7malar\u0131na neden oldu\u201d dedi.<img loading=\"lazy\" decoding=\"async\" class=\"size-medium wp-image-221958 alignright\" src=\"http:\/\/107.6.182.27\/tr\/wp-content\/uploads\/2020\/11\/44-300x168.jpg\" alt=\"\" width=\"300\" height=\"168\" srcset=\"https:\/\/archive.sana.sy\/tr\/wp-content\/uploads\/2020\/11\/44-300x168.jpg 300w, https:\/\/archive.sana.sy\/tr\/wp-content\/uploads\/2020\/11\/44-150x84.jpg 150w, https:\/\/archive.sana.sy\/tr\/wp-content\/uploads\/2020\/11\/44.jpg 660w\" sizes=\"auto, (max-width: 300px) 100vw, 300px\" \/><\/p>\n<p>Esad ayr\u0131ca; &#8220;2014 y\u0131l\u0131nda Suriye devletinin g\u00fcvenli\u011fi ve istikrar\u0131 yeniden tesis etme yolunda oldu\u011fu ortaya \u00e7\u0131kt\u0131\u011f\u0131nda, bu \u00fclkeler silahl\u0131 kuvvetleri da\u011f\u0131tmak ve ter\u00f6ristleri Suriye topraklar\u0131n\u0131n b\u00fcy\u00fck bir k\u0131sm\u0131ndan g\u00fc\u00e7lendirmek amac\u0131yla ter\u00f6rist &#8220;I\u015e\u0130D&#8221; i harekete ge\u00e7irdiler&#8221; dedi<\/p>\n<p>Bug\u00fcn, birbiriyle ba\u011flant\u0131l\u0131 \u00fc\u00e7 unsur, geri d\u00f6nmek isteyen milyonlarca m\u00fclteci, y\u00fcz milyarlarca tahrip olmu\u015f altyap\u0131 ve Suriye&#8217;nin baz\u0131 b\u00f6lgelerindeki hala \u015fiddetlenen ter\u00f6rizm gibi sorunlarla kar\u015f\u0131 kar\u015f\u0131yay\u0131z.<\/p>\n<p><a href=\"http:\/\/107.6.182.27\/tr\/wp-content\/uploads\/2020\/11\/1-227.jpg\"><img loading=\"lazy\" decoding=\"async\" class=\"alignright size-medium wp-image-222010\" src=\"http:\/\/107.6.182.27\/tr\/wp-content\/uploads\/2020\/11\/1-227-300x200.jpg\" alt=\"\" width=\"300\" height=\"200\" srcset=\"https:\/\/archive.sana.sy\/tr\/wp-content\/uploads\/2020\/11\/1-227-300x200.jpg 300w, https:\/\/archive.sana.sy\/tr\/wp-content\/uploads\/2020\/11\/1-227-150x100.jpg 150w, https:\/\/archive.sana.sy\/tr\/wp-content\/uploads\/2020\/11\/1-227.jpg 660w\" sizes=\"auto, (max-width: 300px) 100vw, 300px\" \/><\/a>Suriye devlet kurumlar\u0131, bu b\u00fcy\u00fck zorluklarla ba\u015fa \u00e7\u0131kmada yeteneklerine g\u00f6re kabul edilebilir ad\u0131mlar atmay\u0131 ba\u015fard\u0131lar&#8230; ter\u00f6re kar\u015f\u0131 sava\u015f\u0131 devam ederken, say\u0131s\u0131z mevzuatla y\u00fczbinlerce m\u00fcltecinin anavatanlar\u0131na d\u00f6n\u00fc\u015f\u00fc i\u00e7in kolayl\u0131klar ve garantiler sa\u011flam\u0131\u015ft\u0131r.<\/p>\n<p>Buna paralel olarak ve yasad\u0131\u015f\u0131 abluka ra\u011fmen, devlet su, elektrik, okullar, yollar ve di\u011fer kamu hizmetleri gibi bir\u00e7ok alanda asgari altyap\u0131y\u0131 restore edebildi.<\/p>\n<p>Yetenekler artt\u0131k\u00e7a bu ad\u0131mlar\u0131n daha h\u0131zl\u0131 olaca\u011f\u0131 kesindir &#8230; ve bunlar\u0131n artmas\u0131, ekonomik ablukan\u0131n temsil etti\u011fi engellerin azalt\u0131lmas\u0131 ve devleti yeniden in\u015fa i\u00e7in gerekli olan en basit ara\u00e7lardan mahrum b\u0131rakan yapt\u0131r\u0131mlarla ba\u011flant\u0131l\u0131d\u0131r.<\/p>\n<p>Bu konferans\u0131n, d\u00fcnyan\u0131n modern tarihte bildi\u011fi en b\u00fcy\u00fck barbar Bat\u0131 sald\u0131rganl\u0131\u011f\u0131n\u0131n neden oldu\u011fu bu insani krizi sona erdirmek i\u00e7in bir sonraki a\u015famada aram\u0131zdaki i\u015fbirli\u011fi i\u00e7in uygun zemini olu\u015fturaca\u011f\u0131na inan\u0131yorum.<\/p>\n<p>Suriyelilerin anavatanlar\u0131na d\u00f6n\u00fc\u015flerine do\u011frudan katk\u0131 sa\u011flayan \u00f6nerilerle ortaya \u00e7\u0131karak bu konferans\u0131n \u00e7al\u0131\u015fmalar\u0131na ba\u015far\u0131lar diliyorum.<\/p>\n<p>Bir kez daha geldi\u011finiz i\u00e7in te\u015fekk\u00fcr ederim<\/p>\n<p><iframe loading=\"lazy\" src=\"https:\/\/www.youtube.com\/embed\/qoBvL3_bigE\" width=\"620\" height=\"347\" frameborder=\"0\" allowfullscreen=\"allowfullscreen\"><\/iframe><\/p>\n","protected":false},"excerpt":{"rendered":"<p>\u015eAM &#8211; Cumhurba\u015fkan\u0131 Be\u015f\u015far el Esad, Suriye i\u00e7in m\u00fclteci sorununun insani olman\u0131n yan\u0131 s\u0131ra ulusal bir sorun oldu\u011funu vurgularken, son birka\u00e7 y\u0131lda y\u00fcz binlerce m\u00fclteciyi geri g\u00f6ndermeyi ba\u015fard\u0131\u011f\u0131m\u0131z\u0131, bug\u00fcn de geri d\u00f6nmek isteyen her m\u00fcltecinin geri d\u00f6n\u00fc\u015f\u00fc ve vatan\u0131n\u0131n in\u015fas\u0131na katk\u0131da bulunmas\u0131 i\u00e7in gayretle \u00e7al\u0131\u015ft\u0131klar\u0131n\u0131 teyit etti. Cumhurba\u015fkan\u0131 Esad, bug\u00fcn \u015eam&#8217;daki Emevi Konferanslar Saray\u0131&#8217;nda d\u00fczenlenen &hellip;<\/p>\n","protected":false},"author":36,"featured_media":222009,"comment_status":"closed","ping_status":"closed","sticky":false,"template":"","format":"standard","meta":{"footnotes":""},"categories":[596,479,609,605,17988,478],"tags":[],"class_list":["post-221949","post","type-post","status-publish","format-standard","has-post-thumbnail","","category-fotografli-raporlar","category-haberler-yerel","category-konusmalar","category-sayin-cumhurbaskani","category-son-haberler","category-yerel"],"_links":{"self":[{"href":"https:\/\/archive.sana.sy\/tr\/index.php?rest_route=\/wp\/v2\/posts\/221949","targetHints":{"allow":["GET"]}}],"collection":[{"href":"https:\/\/archive.sana.sy\/tr\/index.php?rest_route=\/wp\/v2\/posts"}],"about":[{"href":"https:\/\/archive.sana.sy\/tr\/index.php?rest_route=\/wp\/v2\/types\/post"}],"author":[{"embeddable":true,"href":"https:\/\/archive.sana.sy\/tr\/index.php?rest_route=\/wp\/v2\/users\/36"}],"replies":[{"embeddable":true,"href":"https:\/\/archive.sana.sy\/tr\/index.php?rest_route=%2Fwp%2Fv2%2Fcomments&post=221949"}],"version-history":[{"count":0,"href":"https:\/\/archive.sana.sy\/tr\/index.php?rest_route=\/wp\/v2\/posts\/221949\/revisions"}],"wp:featuredmedia":[{"embeddable":true,"href":"https:\/\/archive.sana.sy\/tr\/index.php?rest_route=\/wp\/v2\/media\/222009"}],"wp:attachment":[{"href":"https:\/\/archive.sana.sy\/tr\/index.php?rest_route=%2Fwp%2Fv2%2Fmedia&parent=221949"}],"wp:term":[{"taxonomy":"category","embeddable":true,"href":"https:\/\/archive.sana.sy\/tr\/index.php?rest_route=%2Fwp%2Fv2%2Fcategories&post=221949"},{"taxonomy":"post_tag","embeddable":true,"href":"https:\/\/archive.sana.sy\/tr\/index.php?rest_route=%2Fwp%2Fv2%2Ftags&post=221949"}],"curies":[{"name":"wp","href":"https:\/\/api.w.org\/{rel}","templated":true}]}}