{"id":222114,"date":"2020-11-12T18:11:14","date_gmt":"2020-11-12T16:11:14","guid":{"rendered":"http:\/\/107.6.182.27\/tr\/?p=222114"},"modified":"2020-11-14T08:23:20","modified_gmt":"2020-11-14T06:23:20","slug":"basbakan-arnus-vadimovic-ile-cesitli-alanlarda-ikili-iliskileri-guclendirmeyi-gorustu","status":"publish","type":"post","link":"https:\/\/archive.sana.sy\/tr\/?p=222114","title":{"rendered":"Ba\u015fbakan Arnus, Vadimovi\u00e7 \u0130le \u00c7e\u015fitli Alanlarda \u0130kili \u0130li\u015fkileri G\u00fc\u00e7lendirmeyi G\u00f6r\u00fc\u015ft\u00fc"},"content":{"rendered":"<p>\u015eAM \u2013 Ba\u015fbakan H\u00fcseyin Arnus, bug\u00fcn Abhazya Cumhuriyeti D\u0131\u015fi\u015fleri Bakan\u0131 Daur Kofi Vadimovi\u00e7 ve e\u015fli\u011findeki heyeti kabul etti.<\/p>\n<p>G\u00f6r\u00fc\u015fmede, mevcut zorluklarla y\u00fczle\u015fmek i\u00e7in \u00e7e\u015fitli alanlarda ikili ili\u015fkileri g\u00fc\u00e7lendirmenin yollar\u0131, m\u00fcltecilerin anavatanlar\u0131na d\u00f6n\u00fc\u015flerini kolayla\u015ft\u0131rmak ve ya\u015famlar\u0131n\u0131 do\u011fal yoldan geri kazanmalar\u0131n\u0131 sa\u011flamak i\u00e7in ortak tedbirler ve bunun d\u00fczg\u00fcn bir \u015fekilde ger\u00e7ekle\u015ftirilmesini engelleyen haks\u0131z ekonomik yapt\u0131r\u0131mlar\u0131n kald\u0131r\u0131lmas\u0131 ihtiyac\u0131 ele al\u0131nd\u0131.<\/p>\n<p><a href=\"http:\/\/107.6.182.27\/tr\/wp-content\/uploads\/2020\/11\/102-2.jpg\"><img loading=\"lazy\" decoding=\"async\" class=\"alignright size-medium wp-image-222116\" src=\"http:\/\/107.6.182.27\/tr\/wp-content\/uploads\/2020\/11\/102-2-300x189.jpg\" alt=\"\" width=\"300\" height=\"189\" srcset=\"https:\/\/archive.sana.sy\/tr\/wp-content\/uploads\/2020\/11\/102-2-300x189.jpg 300w, https:\/\/archive.sana.sy\/tr\/wp-content\/uploads\/2020\/11\/102-2-150x94.jpg 150w, https:\/\/archive.sana.sy\/tr\/wp-content\/uploads\/2020\/11\/102-2.jpg 660w\" sizes=\"auto, (max-width: 300px) 100vw, 300px\" \/><\/a>Bunun yan\u0131 s\u0131ra g\u00f6r\u00fc\u015fmede, ekonomik, ticari, denizcilik ve hava ta\u015f\u0131mac\u0131l\u0131\u011f\u0131 alanlar\u0131nda i\u015fbirli\u011fini harekete ge\u00e7irmek i\u00e7in Ortak Bakanlar Komitesi ve \u0130\u015fadamlar\u0131 Konseyi&#8217;nin olu\u015fumunu h\u0131zland\u0131rma ihtiyac\u0131n\u0131n vurgulanmas\u0131 ile iki taraf, iki \u00fclke pazarlar\u0131n\u0131n ihtiya\u00e7lar\u0131n\u0131 kar\u015f\u0131layan ve ortak i\u015fbirli\u011fi i\u00e7in ufuklar a\u00e7an end\u00fcstriyel projeler ve ortakl\u0131klar kurmay\u0131 tart\u0131\u015ft\u0131.<\/p>\n<p>Ba\u015fbakan Arnus; Suriye&#8217;nin iki \u00fclke aras\u0131ndaki ili\u015fkileri geli\u015ftirme, g\u00fc\u00e7lendirme ve mevcut t\u00fcm yollarla ileriye ta\u015f\u0131ma arzusunu ve isteklili\u011fini bir kez daha teyit etti.<\/p>\n<p>Abhazya D\u0131\u015fi\u015fleri Bakan\u0131 ise, Suriye halk\u0131n\u0131n tutumundan ve \u00fclkesini destekleyen liderlerden duydu\u011fu memnuniyeti dile getirerek Abhazya Cumhuriyeti&#8217;nin Suriye ile \u00e7e\u015fitli alanlarda ili\u015fkileri geli\u015ftirme arzusunu vurgulad\u0131.<\/p>\n<p>G\u00f6r\u00fc\u015fmeye Bakanlar Kurulu Ba\u015fkanl\u0131\u011f\u0131 Genel Sekreteri Keys H\u0131d\u0131r kat\u0131ld\u0131.<\/p>\n<p>\u00c7eviri: P.M.<\/p>\n<div id='gallery-1' class='gallery galleryid-222114 gallery-columns-1 gallery-size-full'><figure class='gallery-item'>\n\t\t\t<div class='gallery-icon landscape'>\n\t\t\t\t<a href='https:\/\/archive.sana.sy\/tr\/wp-content\/uploads\/2020\/11\/103-2.jpg'><img loading=\"lazy\" decoding=\"async\" width=\"660\" height=\"410\" src=\"https:\/\/archive.sana.sy\/tr\/wp-content\/uploads\/2020\/11\/103-2.jpg\" class=\"attachment-full size-full\" alt=\"\" srcset=\"https:\/\/archive.sana.sy\/tr\/wp-content\/uploads\/2020\/11\/103-2.jpg 660w, https:\/\/archive.sana.sy\/tr\/wp-content\/uploads\/2020\/11\/103-2-300x186.jpg 300w, https:\/\/archive.sana.sy\/tr\/wp-content\/uploads\/2020\/11\/103-2-150x93.jpg 150w\" sizes=\"auto, (max-width: 660px) 100vw, 660px\" \/><\/a>\n\t\t\t<\/div><\/figure>\n\t\t<\/div>\n\n","protected":false},"excerpt":{"rendered":"<p>\u015eAM \u2013 Ba\u015fbakan H\u00fcseyin Arnus, bug\u00fcn Abhazya Cumhuriyeti D\u0131\u015fi\u015fleri Bakan\u0131 Daur Kofi Vadimovi\u00e7 ve e\u015fli\u011findeki heyeti kabul etti. G\u00f6r\u00fc\u015fmede, mevcut zorluklarla y\u00fczle\u015fmek i\u00e7in \u00e7e\u015fitli alanlarda ikili ili\u015fkileri g\u00fc\u00e7lendirmenin yollar\u0131, m\u00fcltecilerin anavatanlar\u0131na d\u00f6n\u00fc\u015flerini kolayla\u015ft\u0131rmak ve ya\u015famlar\u0131n\u0131 do\u011fal yoldan geri kazanmalar\u0131n\u0131 sa\u011flamak i\u00e7in ortak tedbirler ve bunun d\u00fczg\u00fcn bir \u015fekilde ger\u00e7ekle\u015ftirilmesini engelleyen haks\u0131z ekonomik yapt\u0131r\u0131mlar\u0131n kald\u0131r\u0131lmas\u0131 ihtiyac\u0131 &hellip;<\/p>\n","protected":false},"author":1,"featured_media":222115,"comment_status":"closed","ping_status":"closed","sticky":false,"template":"","format":"standard","meta":{"footnotes":""},"categories":[596,479,17988,478],"tags":[],"class_list":["post-222114","post","type-post","status-publish","format-standard","has-post-thumbnail","","category-fotografli-raporlar","category-haberler-yerel","category-son-haberler","category-yerel"],"_links":{"self":[{"href":"https:\/\/archive.sana.sy\/tr\/index.php?rest_route=\/wp\/v2\/posts\/222114","targetHints":{"allow":["GET"]}}],"collection":[{"href":"https:\/\/archive.sana.sy\/tr\/index.php?rest_route=\/wp\/v2\/posts"}],"about":[{"href":"https:\/\/archive.sana.sy\/tr\/index.php?rest_route=\/wp\/v2\/types\/post"}],"author":[{"embeddable":true,"href":"https:\/\/archive.sana.sy\/tr\/index.php?rest_route=\/wp\/v2\/users\/1"}],"replies":[{"embeddable":true,"href":"https:\/\/archive.sana.sy\/tr\/index.php?rest_route=%2Fwp%2Fv2%2Fcomments&post=222114"}],"version-history":[{"count":0,"href":"https:\/\/archive.sana.sy\/tr\/index.php?rest_route=\/wp\/v2\/posts\/222114\/revisions"}],"wp:featuredmedia":[{"embeddable":true,"href":"https:\/\/archive.sana.sy\/tr\/index.php?rest_route=\/wp\/v2\/media\/222115"}],"wp:attachment":[{"href":"https:\/\/archive.sana.sy\/tr\/index.php?rest_route=%2Fwp%2Fv2%2Fmedia&parent=222114"}],"wp:term":[{"taxonomy":"category","embeddable":true,"href":"https:\/\/archive.sana.sy\/tr\/index.php?rest_route=%2Fwp%2Fv2%2Fcategories&post=222114"},{"taxonomy":"post_tag","embeddable":true,"href":"https:\/\/archive.sana.sy\/tr\/index.php?rest_route=%2Fwp%2Fv2%2Ftags&post=222114"}],"curies":[{"name":"wp","href":"https:\/\/api.w.org\/{rel}","templated":true}]}}