{"id":222256,"date":"2020-11-16T08:04:22","date_gmt":"2020-11-16T06:04:22","guid":{"rendered":"http:\/\/107.6.182.27\/tr\/?p=222256"},"modified":"2020-11-17T08:26:19","modified_gmt":"2020-11-17T06:26:19","slug":"saglik-bakanligi-yeni-71-koronavirus-49-sifa-4-vefat-vakasi-tescillendi","status":"publish","type":"post","link":"https:\/\/archive.sana.sy\/tr\/?p=222256","title":{"rendered":"Sa\u011fl\u0131k Bakanl\u0131\u011f\u0131: Yeni 71 Koronavir\u00fcs, 49 \u015eifa, 4 Vefat Vakas\u0131 Tescillendi"},"content":{"rendered":"<p style=\"text-align: justify;\">\u015eAM \u2013 Sa\u011fl\u0131k Bakanl\u0131\u011f\u0131 bug\u00fcn, 71 Koronavir\u00fcs vakas\u0131n\u0131n tescil edildi\u011fini, Suriye&#8217;de tescil edilen toplam vakalardan 49&#8217;unun \u015fifa buldu\u011funu, 4 vakan\u0131n da vefat etti\u011fini ilan etti.<\/p>\n<p style=\"text-align: justify;\">Bakanl\u0131k bug\u00fcn yay\u0131nlad\u0131\u011f\u0131 ve SANA&#8217;n\u0131n bir n\u00fcshas\u0131n\u0131 ald\u0131\u011f\u0131 beyanda, Suriye&#8217;de tescil edilen Koronavir\u00fcs vakalar\u0131 bilan\u00e7osunun bug\u00fcne kadar 6684&#8217;e y\u00fckseldi\u011fini, tescil edilen vakalardan 2714&#8217;\u00fcn\u00fcn iyile\u015fti\u011fini, 345 vakan\u0131n da vefat etti\u011fine i\u015faret etti.<\/p>\n<p style=\"text-align: justify;\">Bilinece\u011fi \u00fczere Suriye&#8217;de ilk koronavir\u00fcs vakas\u0131 22 Mart&#8217;ta yurt d\u0131\u015f\u0131ndan gelen bir ki\u015fi \u00fczerinde, ilk vefat vakas\u0131 da 29 Mart&#8217;ta tescil edilmi\u015fti.<\/p>\n","protected":false},"excerpt":{"rendered":"<p>\u015eAM \u2013 Sa\u011fl\u0131k Bakanl\u0131\u011f\u0131 bug\u00fcn, 71 Koronavir\u00fcs vakas\u0131n\u0131n tescil edildi\u011fini, Suriye&#8217;de tescil edilen toplam vakalardan 49&#8217;unun \u015fifa buldu\u011funu, 4 vakan\u0131n da vefat etti\u011fini ilan etti. Bakanl\u0131k bug\u00fcn yay\u0131nlad\u0131\u011f\u0131 ve SANA&#8217;n\u0131n bir n\u00fcshas\u0131n\u0131 ald\u0131\u011f\u0131 beyanda, Suriye&#8217;de tescil edilen Koronavir\u00fcs vakalar\u0131 bilan\u00e7osunun bug\u00fcne kadar 6684&#8217;e y\u00fckseldi\u011fini, tescil edilen vakalardan 2714&#8217;\u00fcn\u00fcn iyile\u015fti\u011fini, 345 vakan\u0131n da vefat etti\u011fine i\u015faret &hellip;<\/p>\n","protected":false},"author":1,"featured_media":222257,"comment_status":"closed","ping_status":"closed","sticky":false,"template":"","format":"standard","meta":{"footnotes":""},"categories":[526,479,17988,525,478],"tags":[],"class_list":["post-222256","post","type-post","status-publish","format-standard","has-post-thumbnail","","category-haber-ve-raporlar","category-haberler-yerel","category-son-haberler","category-toplum","category-yerel"],"_links":{"self":[{"href":"https:\/\/archive.sana.sy\/tr\/index.php?rest_route=\/wp\/v2\/posts\/222256","targetHints":{"allow":["GET"]}}],"collection":[{"href":"https:\/\/archive.sana.sy\/tr\/index.php?rest_route=\/wp\/v2\/posts"}],"about":[{"href":"https:\/\/archive.sana.sy\/tr\/index.php?rest_route=\/wp\/v2\/types\/post"}],"author":[{"embeddable":true,"href":"https:\/\/archive.sana.sy\/tr\/index.php?rest_route=\/wp\/v2\/users\/1"}],"replies":[{"embeddable":true,"href":"https:\/\/archive.sana.sy\/tr\/index.php?rest_route=%2Fwp%2Fv2%2Fcomments&post=222256"}],"version-history":[{"count":0,"href":"https:\/\/archive.sana.sy\/tr\/index.php?rest_route=\/wp\/v2\/posts\/222256\/revisions"}],"wp:featuredmedia":[{"embeddable":true,"href":"https:\/\/archive.sana.sy\/tr\/index.php?rest_route=\/wp\/v2\/media\/222257"}],"wp:attachment":[{"href":"https:\/\/archive.sana.sy\/tr\/index.php?rest_route=%2Fwp%2Fv2%2Fmedia&parent=222256"}],"wp:term":[{"taxonomy":"category","embeddable":true,"href":"https:\/\/archive.sana.sy\/tr\/index.php?rest_route=%2Fwp%2Fv2%2Fcategories&post=222256"},{"taxonomy":"post_tag","embeddable":true,"href":"https:\/\/archive.sana.sy\/tr\/index.php?rest_route=%2Fwp%2Fv2%2Ftags&post=222256"}],"curies":[{"name":"wp","href":"https:\/\/api.w.org\/{rel}","templated":true}]}}