{"id":222477,"date":"2020-11-19T09:13:56","date_gmt":"2020-11-19T07:13:56","guid":{"rendered":"http:\/\/107.6.182.27\/tr\/?p=222477"},"modified":"2020-11-20T08:59:02","modified_gmt":"2020-11-20T06:59:02","slug":"seddadi-kentinde-dsg-milislerinden-bir-silahli-olduruldu","status":"publish","type":"post","link":"https:\/\/archive.sana.sy\/tr\/?p=222477","title":{"rendered":"\u015eeddadi Kentinde DSG Milislerinden Bir Silahl\u0131 \u00d6ld\u00fcr\u00fcld\u00fc"},"content":{"rendered":"<p>HASEKE \u2013 Haseke k\u0131rsal\u0131n\u0131n g\u00fcneyinde yer alan el \u015eedaddi kentinde bilinmeyen ki\u015filerin kur\u015funlar\u0131yla, i\u015fgalci Amerikan g\u00fc\u00e7leri taraf\u0131ndan desteklenen DSG milislerinden bir silahl\u0131 \u00f6ld\u00fcr\u00fcld\u00fc.<\/p>\n<p>Yerel kaynaklar SANA muhabirine, El \u015eaddadi kentinde bilinmeyen ki\u015filer taraf\u0131ndan, &#8220;DSG\u201d milislerine tabi bir araca makineli t\u00fcfekle sald\u0131r\u0131l\u0131mas\u0131 sonucunda DSG milislerinden bir silahl\u0131n\u0131n \u00f6ld\u00fcr\u00fcld\u00fc\u011f\u00fcn\u00fc ve di\u011ferleri de yaraland\u0131\u011f\u0131n\u0131 belirtti.<\/p>\n<p>\u00c7eviri:M.Y<\/p>\n","protected":false},"excerpt":{"rendered":"<p>HASEKE \u2013 Haseke k\u0131rsal\u0131n\u0131n g\u00fcneyinde yer alan el \u015eedaddi kentinde bilinmeyen ki\u015filerin kur\u015funlar\u0131yla, i\u015fgalci Amerikan g\u00fc\u00e7leri taraf\u0131ndan desteklenen DSG milislerinden bir silahl\u0131 \u00f6ld\u00fcr\u00fcld\u00fc. Yerel kaynaklar SANA muhabirine, El \u015eaddadi kentinde bilinmeyen ki\u015filer taraf\u0131ndan, &#8220;DSG\u201d milislerine tabi bir araca makineli t\u00fcfekle sald\u0131r\u0131l\u0131mas\u0131 sonucunda DSG milislerinden bir silahl\u0131n\u0131n \u00f6ld\u00fcr\u00fcld\u00fc\u011f\u00fcn\u00fc ve di\u011ferleri de yaraland\u0131\u011f\u0131n\u0131 belirtti. \u00c7eviri:M.Y<\/p>\n","protected":false},"author":36,"featured_media":222478,"comment_status":"closed","ping_status":"closed","sticky":false,"template":"","format":"standard","meta":{"footnotes":""},"categories":[479,575,17988,478],"tags":[],"class_list":["post-222477","post","type-post","status-publish","format-standard","has-post-thumbnail","","category-haberler-yerel","category-olaylar-ve-gercekler","category-son-haberler","category-yerel"],"_links":{"self":[{"href":"https:\/\/archive.sana.sy\/tr\/index.php?rest_route=\/wp\/v2\/posts\/222477","targetHints":{"allow":["GET"]}}],"collection":[{"href":"https:\/\/archive.sana.sy\/tr\/index.php?rest_route=\/wp\/v2\/posts"}],"about":[{"href":"https:\/\/archive.sana.sy\/tr\/index.php?rest_route=\/wp\/v2\/types\/post"}],"author":[{"embeddable":true,"href":"https:\/\/archive.sana.sy\/tr\/index.php?rest_route=\/wp\/v2\/users\/36"}],"replies":[{"embeddable":true,"href":"https:\/\/archive.sana.sy\/tr\/index.php?rest_route=%2Fwp%2Fv2%2Fcomments&post=222477"}],"version-history":[{"count":0,"href":"https:\/\/archive.sana.sy\/tr\/index.php?rest_route=\/wp\/v2\/posts\/222477\/revisions"}],"wp:featuredmedia":[{"embeddable":true,"href":"https:\/\/archive.sana.sy\/tr\/index.php?rest_route=\/wp\/v2\/media\/222478"}],"wp:attachment":[{"href":"https:\/\/archive.sana.sy\/tr\/index.php?rest_route=%2Fwp%2Fv2%2Fmedia&parent=222477"}],"wp:term":[{"taxonomy":"category","embeddable":true,"href":"https:\/\/archive.sana.sy\/tr\/index.php?rest_route=%2Fwp%2Fv2%2Fcategories&post=222477"},{"taxonomy":"post_tag","embeddable":true,"href":"https:\/\/archive.sana.sy\/tr\/index.php?rest_route=%2Fwp%2Fv2%2Ftags&post=222477"}],"curies":[{"name":"wp","href":"https:\/\/api.w.org\/{rel}","templated":true}]}}