{"id":222562,"date":"2020-11-20T09:19:07","date_gmt":"2020-11-20T07:19:07","guid":{"rendered":"http:\/\/107.6.182.27\/tr\/?p=222562"},"modified":"2020-11-21T09:15:24","modified_gmt":"2020-11-21T07:15:24","slug":"haseke-kirsalinda-isgalci-turk-guclerinin-kursunlariyla-2-ciftci-yaralandi","status":"publish","type":"post","link":"https:\/\/archive.sana.sy\/tr\/?p=222562","title":{"rendered":"Haseke K\u0131rsal\u0131nda \u0130\u015fgalci T\u00fcrk G\u00fc\u00e7lerinin Kur\u015funlar\u0131yla 2 \u00c7ift\u00e7i Yaraland\u0131"},"content":{"rendered":"<p>HASEKE \u2013 Haseke k\u0131rsal\u0131nda yer alan el Malikiye b\u00f6lgesindeki M\u00fcsl\u00fcm k\u00f6y\u00fcnde, i\u015fgalci T\u00fcrk g\u00fc\u00e7lerinin a\u00e7t\u0131\u011f\u0131 ate\u015f sonucunda 2 \u00e7ift\u00e7i yaraland\u0131.<\/p>\n<p>Yerel kaynaklar SANA muhabirine, i\u015fgalci T\u00fcrk g\u00fc\u00e7lerinin el Malikiye k\u0131rsal\u0131n\u0131n kuzeydo\u011fusunda yer alan M\u00fcsl\u00fcm k\u00f6y\u00fcndeki \u00e7ift\u00e7ilere ate\u015f a\u00e7mas\u0131 sonucunda 2 \u00e7ift\u00e7iyi yaralad\u0131\u011f\u0131n\u0131 belirtti.<\/p>\n<p>\u00c7eviri: M.Y<\/p>\n","protected":false},"excerpt":{"rendered":"<p>HASEKE \u2013 Haseke k\u0131rsal\u0131nda yer alan el Malikiye b\u00f6lgesindeki M\u00fcsl\u00fcm k\u00f6y\u00fcnde, i\u015fgalci T\u00fcrk g\u00fc\u00e7lerinin a\u00e7t\u0131\u011f\u0131 ate\u015f sonucunda 2 \u00e7ift\u00e7i yaraland\u0131. Yerel kaynaklar SANA muhabirine, i\u015fgalci T\u00fcrk g\u00fc\u00e7lerinin el Malikiye k\u0131rsal\u0131n\u0131n kuzeydo\u011fusunda yer alan M\u00fcsl\u00fcm k\u00f6y\u00fcndeki \u00e7ift\u00e7ilere ate\u015f a\u00e7mas\u0131 sonucunda 2 \u00e7ift\u00e7iyi yaralad\u0131\u011f\u0131n\u0131 belirtti. \u00c7eviri: M.Y<\/p>\n","protected":false},"author":36,"featured_media":222563,"comment_status":"closed","ping_status":"closed","sticky":false,"template":"","format":"standard","meta":{"footnotes":""},"categories":[479,575,17988,2554,2555,478],"tags":[],"class_list":["post-222562","post","type-post","status-publish","format-standard","has-post-thumbnail","","category-haberler-yerel","category-olaylar-ve-gercekler","category-son-haberler","category-suriye-ve-dunya","category-suriye-ve-turkiye","category-yerel"],"_links":{"self":[{"href":"https:\/\/archive.sana.sy\/tr\/index.php?rest_route=\/wp\/v2\/posts\/222562","targetHints":{"allow":["GET"]}}],"collection":[{"href":"https:\/\/archive.sana.sy\/tr\/index.php?rest_route=\/wp\/v2\/posts"}],"about":[{"href":"https:\/\/archive.sana.sy\/tr\/index.php?rest_route=\/wp\/v2\/types\/post"}],"author":[{"embeddable":true,"href":"https:\/\/archive.sana.sy\/tr\/index.php?rest_route=\/wp\/v2\/users\/36"}],"replies":[{"embeddable":true,"href":"https:\/\/archive.sana.sy\/tr\/index.php?rest_route=%2Fwp%2Fv2%2Fcomments&post=222562"}],"version-history":[{"count":0,"href":"https:\/\/archive.sana.sy\/tr\/index.php?rest_route=\/wp\/v2\/posts\/222562\/revisions"}],"wp:featuredmedia":[{"embeddable":true,"href":"https:\/\/archive.sana.sy\/tr\/index.php?rest_route=\/wp\/v2\/media\/222563"}],"wp:attachment":[{"href":"https:\/\/archive.sana.sy\/tr\/index.php?rest_route=%2Fwp%2Fv2%2Fmedia&parent=222562"}],"wp:term":[{"taxonomy":"category","embeddable":true,"href":"https:\/\/archive.sana.sy\/tr\/index.php?rest_route=%2Fwp%2Fv2%2Fcategories&post=222562"},{"taxonomy":"post_tag","embeddable":true,"href":"https:\/\/archive.sana.sy\/tr\/index.php?rest_route=%2Fwp%2Fv2%2Ftags&post=222562"}],"curies":[{"name":"wp","href":"https:\/\/api.w.org\/{rel}","templated":true}]}}