{"id":222638,"date":"2020-11-20T22:37:51","date_gmt":"2020-11-20T20:37:51","guid":{"rendered":"http:\/\/107.6.182.27\/tr\/?p=222638"},"modified":"2020-11-21T09:19:20","modified_gmt":"2020-11-21T07:19:20","slug":"halep-hirsizi-terorist-orgutlerin-isbirligiyle-afrin-zeytinini-ve-yagini-caliyor","status":"publish","type":"post","link":"https:\/\/archive.sana.sy\/tr\/?p=222638","title":{"rendered":"Halep H\u0131rs\u0131z\u0131 Ter\u00f6rist \u00d6rg\u00fctlerin \u0130\u015fbirli\u011fiyle Afrin Zeytinini Ve Ya\u011f\u0131n\u0131 \u00c7al\u0131yor"},"content":{"rendered":"<p style=\"text-align: justify;\">HALEP \u2013 Medya raporlar\u0131 ve yerel kaynaklar, T\u00fcrk rejimi ve ter\u00f6r \u00f6rg\u00fctlerine mensup kiral\u0131klar\u0131n\u0131n Halep&#8217;in kuzey k\u0131rsal\u0131ndaki Afrin b\u00f6lgesi ve \u00e7evresinde zeytin hasad\u0131n\u0131 ele ge\u00e7irip zeytinya\u011f\u0131 \u00e7ald\u0131\u011f\u0131n\u0131 ve T\u00fcrkiye&#8217;ye nakledildikten ve T\u00fcrk devlet \u015firketleri taraf\u0131ndan ihracata haz\u0131rland\u0131ktan sonra Amerikan pazarlar\u0131na ihra\u00e7 edildi\u011fini ortaya \u00e7\u0131kard\u0131.<\/p>\n<p style=\"text-align: justify;\">T\u00fcrk Zaman gazetesinin bug\u00fcn yay\u0131nlad\u0131\u011f\u0131 bir habere g\u00f6re, s\u00f6zde &#8220;T\u00fcrkiye Tar\u0131m Kredi Kooperatifleri&#8217;nden olu\u015fan T\u00fcrk tar\u0131m otoritesi temsilcilerinin, T\u00fcrkiye&#8217;nin daha \u00f6nce i\u015fgal etti\u011fi Suriye&#8217;nin Afrin kentindeki zeytinlerden \u00e7al\u0131nd\u0131\u011f\u0131n\u0131 g\u00f6stermek i\u00e7in iki y\u0131l \u00f6nce 90 bin ton zeytinya\u011f\u0131n\u0131 T\u00fcrk \u00fcr\u00fcn\u00fc olarak pazarlamak i\u00e7in Amerika&#8217;ya gitti&#8221;.<\/p>\n<p style=\"text-align: justify;\">Yerel kaynaklar, T\u00fcrk i\u015fgal g\u00fc\u00e7lerinin destekledi\u011fi ter\u00f6rist gruplar\u0131n Afrin b\u00f6lgesindeki binlerce zeytin a\u011fac\u0131n\u0131, as\u0131l sahiplerini kovduktan veya \u00e7ift\u00e7ilerin a\u011fa\u00e7lar\u0131ndan toplad\u0131klar\u0131 mahs\u00fclleri silah zoruyla zeytinleri zorla ele meden \u00f6nce kendilerinin belirledikleri zeytin presine g\u00f6ndermeye mecbur ettiklerine i\u015faret etti.<\/p>\n<p style=\"text-align: justify;\">Kaynaklar, T\u00fcrk rejiminin 2018 y\u0131l\u0131nda, \u00e7al\u0131nan zeytinya\u011f\u0131n\u0131 Suriye topraklar\u0131ndan do\u011frudan T\u00fcrkiye topraklar\u0131na ta\u015f\u0131mak i\u00e7in Afrin b\u00f6lgesine biti\u015fik bir s\u0131n\u0131r kap\u0131s\u0131 a\u00e7t\u0131\u011f\u0131na dikkat \u00e7ekti.<\/p>\n<p style=\"text-align: justify;\">Ayn\u0131 ba\u011flamda, muhalefetteki Cumhuriyet Halk Partisi Milletvekili \u00dcnal \u00c7evik\u00f6z, Erdo\u011fan rejimi yanl\u0131s\u0131 ter\u00f6r \u00f6rg\u00fctlerinin &#8220;Afrin b\u00f6lgesindeki zeytin a\u011fa\u00e7lar\u0131n\u0131 sahiplerinden \u00e7ald\u0131klar\u0131n\u0131&#8221; belirterek, &#8220;T\u00fcrkiye \u00fczerinden Bat\u0131&#8217;ya ihra\u00e7 edilen zeytinya\u011f\u0131n\u0131n, T\u00fcrkiye&#8217;nin Suriye topraklar\u0131na y\u00f6nelik arka arkaya i\u015fgallerinin bir sonucu oldu\u011funu&#8221; a\u00e7\u0131klad\u0131.<\/p>\n<p style=\"text-align: justify;\">T\u00fcrkiye Ticaret Odas\u0131 Ba\u015fkan\u0131 Hikmet \u00c7in\u00e7in ise, Suriye topraklar\u0131ndan \u00e7al\u0131nan zeytinlerin &#8220;sadece d\u0131\u015f pazarlara sat\u0131lmak \u00fczere T\u00fcrkiye&#8217;ye girdi\u011fini&#8221; ve s\u00f6zde \u201cT\u00fcrk tar\u0131m kredi kooperatiflerine\u201d Afrin b\u00f6lgesindeki Suriye tarlalar\u0131ndan \u00e7al\u0131nan zeytinya\u011f\u0131n\u0131 ithal etme konusunda istisnai yetki verildi\u011fini itiraf etti.<\/p>\n<p style=\"text-align: justify;\">Ege B\u00f6lgesi Zeytinya\u011f\u0131 \u0130hracat\u00e7\u0131lar\u0131 Sendikas\u0131 Ba\u015fkan\u0131 Davut Er, &#8220;Suriye zeytinya\u011f\u0131n\u0131 T\u00fcrkiye&#8217;ye getirme karar\u0131n ba\u015flang\u0131\u00e7ta ekonomik bir karardan \u00e7ok siyasi bir karard\u0131, ancak \u00fcr\u00fcn T\u00fcrkiye&#8217;de zeytinya\u011f\u0131 sekt\u00f6r\u00fcn\u00fcn \u00f6nemli bir par\u00e7as\u0131 haline geldi&#8221; dedi.<\/p>\n","protected":false},"excerpt":{"rendered":"<p>HALEP \u2013 Medya raporlar\u0131 ve yerel kaynaklar, T\u00fcrk rejimi ve ter\u00f6r \u00f6rg\u00fctlerine mensup kiral\u0131klar\u0131n\u0131n Halep&#8217;in kuzey k\u0131rsal\u0131ndaki Afrin b\u00f6lgesi ve \u00e7evresinde zeytin hasad\u0131n\u0131 ele ge\u00e7irip zeytinya\u011f\u0131 \u00e7ald\u0131\u011f\u0131n\u0131 ve T\u00fcrkiye&#8217;ye nakledildikten ve T\u00fcrk devlet \u015firketleri taraf\u0131ndan ihracata haz\u0131rland\u0131ktan sonra Amerikan pazarlar\u0131na ihra\u00e7 edildi\u011fini ortaya \u00e7\u0131kard\u0131. T\u00fcrk Zaman gazetesinin bug\u00fcn yay\u0131nlad\u0131\u011f\u0131 bir habere g\u00f6re, s\u00f6zde &#8220;T\u00fcrkiye Tar\u0131m &hellip;<\/p>\n","protected":false},"author":1,"featured_media":222639,"comment_status":"closed","ping_status":"closed","sticky":false,"template":"","format":"standard","meta":{"footnotes":""},"categories":[479,575,17988,2555,478],"tags":[],"class_list":["post-222638","post","type-post","status-publish","format-standard","has-post-thumbnail","","category-haberler-yerel","category-olaylar-ve-gercekler","category-son-haberler","category-suriye-ve-turkiye","category-yerel"],"_links":{"self":[{"href":"https:\/\/archive.sana.sy\/tr\/index.php?rest_route=\/wp\/v2\/posts\/222638","targetHints":{"allow":["GET"]}}],"collection":[{"href":"https:\/\/archive.sana.sy\/tr\/index.php?rest_route=\/wp\/v2\/posts"}],"about":[{"href":"https:\/\/archive.sana.sy\/tr\/index.php?rest_route=\/wp\/v2\/types\/post"}],"author":[{"embeddable":true,"href":"https:\/\/archive.sana.sy\/tr\/index.php?rest_route=\/wp\/v2\/users\/1"}],"replies":[{"embeddable":true,"href":"https:\/\/archive.sana.sy\/tr\/index.php?rest_route=%2Fwp%2Fv2%2Fcomments&post=222638"}],"version-history":[{"count":0,"href":"https:\/\/archive.sana.sy\/tr\/index.php?rest_route=\/wp\/v2\/posts\/222638\/revisions"}],"wp:featuredmedia":[{"embeddable":true,"href":"https:\/\/archive.sana.sy\/tr\/index.php?rest_route=\/wp\/v2\/media\/222639"}],"wp:attachment":[{"href":"https:\/\/archive.sana.sy\/tr\/index.php?rest_route=%2Fwp%2Fv2%2Fmedia&parent=222638"}],"wp:term":[{"taxonomy":"category","embeddable":true,"href":"https:\/\/archive.sana.sy\/tr\/index.php?rest_route=%2Fwp%2Fv2%2Fcategories&post=222638"},{"taxonomy":"post_tag","embeddable":true,"href":"https:\/\/archive.sana.sy\/tr\/index.php?rest_route=%2Fwp%2Fv2%2Ftags&post=222638"}],"curies":[{"name":"wp","href":"https:\/\/api.w.org\/{rel}","templated":true}]}}