{"id":222705,"date":"2020-11-22T18:01:45","date_gmt":"2020-11-22T16:01:45","guid":{"rendered":"http:\/\/107.6.182.27\/tr\/?p=222705"},"modified":"2020-11-23T12:26:56","modified_gmt":"2020-11-23T10:26:56","slug":"ekonomi-patates-ihracatini-mart-ayi-sonuna-kadar-durdurmaya-karar-verdi","status":"publish","type":"post","link":"https:\/\/archive.sana.sy\/tr\/?p=222705","title":{"rendered":"Ekonomi, Patates \u0130hracat\u0131n\u0131 Mart Ay\u0131 Sonuna Kadar Durdurmaya Karar Verdi"},"content":{"rendered":"<p style=\"text-align: justify;\">\u015eAM &#8211; Ekonomi ve D\u0131\u015f Ticaret Bakanl\u0131\u011f\u0131 bug\u00fcn, patates ihracat\u0131n\u0131 bu aydan gelecek y\u0131l\u0131n Mart ay\u0131na kadar ask\u0131ya alma karar\u0131 ald\u0131.<\/p>\n<p style=\"text-align: justify;\">Bakanl\u0131k, SANA&#8217;n\u0131n bir n\u00fcshas\u0131n\u0131 ald\u0131\u011f\u0131 karar\u0131nda, patates ihracat\u0131n\u0131n 31.03.2021 tarihine kadar durdurulmas\u0131n\u0131 \u00f6ng\u00f6ren Bakanlar Kurulu Ba\u015fkanl\u0131\u011f\u0131 Ekonomik Komite&#8217;nin tavsiyesine dayand\u0131\u011f\u0131n\u0131 belirtti.<\/p>\n","protected":false},"excerpt":{"rendered":"<p>\u015eAM &#8211; Ekonomi ve D\u0131\u015f Ticaret Bakanl\u0131\u011f\u0131 bug\u00fcn, patates ihracat\u0131n\u0131 bu aydan gelecek y\u0131l\u0131n Mart ay\u0131na kadar ask\u0131ya alma karar\u0131 ald\u0131. Bakanl\u0131k, SANA&#8217;n\u0131n bir n\u00fcshas\u0131n\u0131 ald\u0131\u011f\u0131 karar\u0131nda, patates ihracat\u0131n\u0131n 31.03.2021 tarihine kadar durdurulmas\u0131n\u0131 \u00f6ng\u00f6ren Bakanlar Kurulu Ba\u015fkanl\u0131\u011f\u0131 Ekonomik Komite&#8217;nin tavsiyesine dayand\u0131\u011f\u0131n\u0131 belirtti.<\/p>\n","protected":false},"author":1,"featured_media":222712,"comment_status":"closed","ping_status":"closed","sticky":false,"template":"","format":"standard","meta":{"footnotes":""},"categories":[485,486,479,17988,478],"tags":[],"class_list":["post-222705","post","type-post","status-publish","format-standard","has-post-thumbnail","","category-is-ve-sermaye","category-haberler-is-ve-sermaye","category-haberler-yerel","category-son-haberler","category-yerel"],"_links":{"self":[{"href":"https:\/\/archive.sana.sy\/tr\/index.php?rest_route=\/wp\/v2\/posts\/222705","targetHints":{"allow":["GET"]}}],"collection":[{"href":"https:\/\/archive.sana.sy\/tr\/index.php?rest_route=\/wp\/v2\/posts"}],"about":[{"href":"https:\/\/archive.sana.sy\/tr\/index.php?rest_route=\/wp\/v2\/types\/post"}],"author":[{"embeddable":true,"href":"https:\/\/archive.sana.sy\/tr\/index.php?rest_route=\/wp\/v2\/users\/1"}],"replies":[{"embeddable":true,"href":"https:\/\/archive.sana.sy\/tr\/index.php?rest_route=%2Fwp%2Fv2%2Fcomments&post=222705"}],"version-history":[{"count":0,"href":"https:\/\/archive.sana.sy\/tr\/index.php?rest_route=\/wp\/v2\/posts\/222705\/revisions"}],"wp:featuredmedia":[{"embeddable":true,"href":"https:\/\/archive.sana.sy\/tr\/index.php?rest_route=\/wp\/v2\/media\/222712"}],"wp:attachment":[{"href":"https:\/\/archive.sana.sy\/tr\/index.php?rest_route=%2Fwp%2Fv2%2Fmedia&parent=222705"}],"wp:term":[{"taxonomy":"category","embeddable":true,"href":"https:\/\/archive.sana.sy\/tr\/index.php?rest_route=%2Fwp%2Fv2%2Fcategories&post=222705"},{"taxonomy":"post_tag","embeddable":true,"href":"https:\/\/archive.sana.sy\/tr\/index.php?rest_route=%2Fwp%2Fv2%2Ftags&post=222705"}],"curies":[{"name":"wp","href":"https:\/\/api.w.org\/{rel}","templated":true}]}}