{"id":22271,"date":"2015-01-29T18:50:00","date_gmt":"2015-01-29T16:50:00","guid":{"rendered":"http:\/\/www.sana.sy\/tr\/?p=22271"},"modified":"2015-01-29T20:18:53","modified_gmt":"2015-01-29T18:18:53","slug":"halaki-suriye-toplumu-butun-kesimleriyle-tek-bir-halktir","status":"publish","type":"post","link":"https:\/\/archive.sana.sy\/tr\/?p=22271","title":{"rendered":"Halaki: Suriye Toplumu B\u00fct\u00fcn Kesimleriyle Tek Bir Halkt\u0131r"},"content":{"rendered":"<p>\u015eAM \u2013 Ba\u015fbakan Vail el Halaki, Suriye toplumunun b\u00fct\u00fcn kesimlerinin tek bir halk oldu\u011funu ve K\u00fcrtlerin bu halk\u0131n en temel unsurlar\u0131ndan birini te\u015fkil etti\u011fini dile getirerek halk\u0131n birlik ve b\u00fct\u00fcnl\u00fc\u011f\u00fcn\u00fc hi\u00e7bir kin kampanyas\u0131 ve ter\u00f6r sald\u0131r\u0131s\u0131n\u0131n par\u00e7alayamayaca\u011f\u0131n\u0131 belirtti.<\/p>\n<p><a href=\"http:\/\/www.sana.sy\/tr\/wp-content\/uploads\/2015\/01\/Halaki-23.jpg\"><img loading=\"lazy\" decoding=\"async\" class=\"alignright wp-image-22273 size-medium\" src=\"http:\/\/www.sana.sy\/tr\/wp-content\/uploads\/2015\/01\/Halaki-23-300x200.jpg\" alt=\"Halaki 2\" width=\"300\" height=\"200\" srcset=\"https:\/\/archive.sana.sy\/tr\/wp-content\/uploads\/2015\/01\/Halaki-23-300x200.jpg 300w, https:\/\/archive.sana.sy\/tr\/wp-content\/uploads\/2015\/01\/Halaki-23-150x100.jpg 150w, https:\/\/archive.sana.sy\/tr\/wp-content\/uploads\/2015\/01\/Halaki-23-1024x682.jpg 1024w\" sizes=\"auto, (max-width: 300px) 100vw, 300px\" \/><\/a>K\u00fcrt Toplumu Temsilcilerinden bir heyetle bir araya gelen Halaki; h\u00fck\u00fcmetin hi\u00e7bir ko\u015fulda vatan topraklar\u0131n\u0131n tek bir kar\u0131\u015f\u0131ndan bile vazge\u00e7meyece\u011fini ifade ederek vatan topraklar\u0131ndaki \u015fiddeti sonland\u0131rarak sevgi ve ho\u015fg\u00f6r\u00fc k\u00fclt\u00fcr\u00fcn\u00fcn yay\u0131lmas\u0131 i\u00e7in b\u00fct\u00fcn \u00e7abalar\u0131 birle\u015ftirme \u00e7a\u011fr\u0131s\u0131nda bulundu.<\/p>\n<p>Krizin ulusal diyalog ile gelecek siyasi \u00e7\u00f6z\u00fcm d\u0131\u015f\u0131nda \u00e7\u0131k\u0131\u015f\u0131 bulunmad\u0131\u011f\u0131n\u0131 ve Moskova\u2019da d\u00fczenlenen isti\u015fare toplant\u0131s\u0131n\u0131n bu \u00e7\u00f6z\u00fcme hizmet etti\u011fini yineleyen Halaki;\u00a0 Suriyeliler diyalogunun ancak vatan \u015femsiyesi alt\u0131nda ve d\u0131\u015f m\u00fcdahalelerden uzak bir ortamda ger\u00e7ekle\u015febilece\u011fini alt\u0131n\u0131 \u00e7izdi.<\/p>\n<p>\u00d6te yandan kendilerini Suriye toplumunun ayr\u0131lmaz bir par\u00e7as\u0131 olarak g\u00f6rd\u00fcklerinin alt\u0131n\u0131 \u00e7izen heyet \u00fcyeleri; Suriye halk\u0131n\u0131n sahip oldu\u011fu birlik, beraberlik ve b\u00fct\u00fcnl\u00fc\u011f\u00fcn kahraman ordumuzun destans\u0131 direni\u015fiyle birlikte muazzam bir zafer getirece\u011fini vurgulad\u0131lar.<\/p>\n<p>Halk Meclisi Ulusal Uzla\u015fma Komisyonu Ba\u015fkan\u0131 Vatansever K\u00fcrt Giri\u015fimi Ba\u015fkan\u0131 \u00d6mer Osi; Suriyeli K\u00fcrtlerin her zaman vatan savunmas\u0131n\u0131n en \u00f6n saflar\u0131nda yer alacaklar\u0131n\u0131 ifade ederek Ayn el Arab b\u00f6lgesi sakinlerinin I\u015e\u0130D ter\u00f6r \u00f6rg\u00fct\u00fcne kar\u015f\u0131 sergiledikleri muazzam direni\u015f ve kazand\u0131klar\u0131 zaferin Suriye halk\u0131n\u0131n birlik ve b\u00fct\u00fcnl\u00fc\u011f\u00fcn\u00fcn en somut kan\u0131t\u0131 oldu\u011funu vurgulad\u0131.<\/p>\n<p>F.B.-M.M<\/p>\n","protected":false},"excerpt":{"rendered":"<p>\u015eAM \u2013 Ba\u015fbakan Vail el Halaki, Suriye toplumunun b\u00fct\u00fcn kesimlerinin tek bir halk oldu\u011funu ve K\u00fcrtlerin bu halk\u0131n en temel unsurlar\u0131ndan birini te\u015fkil etti\u011fini dile getirerek halk\u0131n birlik ve b\u00fct\u00fcnl\u00fc\u011f\u00fcn\u00fc hi\u00e7bir kin kampanyas\u0131 ve ter\u00f6r sald\u0131r\u0131s\u0131n\u0131n par\u00e7alayamayaca\u011f\u0131n\u0131 belirtti. K\u00fcrt Toplumu Temsilcilerinden bir heyetle bir araya gelen Halaki; h\u00fck\u00fcmetin hi\u00e7bir ko\u015fulda vatan topraklar\u0131n\u0131n tek bir kar\u0131\u015f\u0131ndan &hellip;<\/p>\n","protected":false},"author":1,"featured_media":22272,"comment_status":"closed","ping_status":"closed","sticky":false,"template":"","format":"standard","meta":{"footnotes":""},"categories":[479,478],"tags":[10957,10955,10956],"class_list":["post-22271","post","type-post","status-publish","format-standard","has-post-thumbnail","","category-haberler-yerel","category-yerel","tag-beraberlik-ve-butunlugun-kahraman-ordumuzun-destansi-direnisiyle-birlikte-muazzam-bir-zafer-getirecegini-vurguladilar-halk-meclisi-ulusal-uzlasma-komisyonu-baskani-vatansever-kurt-girisimi-baskani-om","tag-halaki-suriye-toplumu-butun-kesimleriyle-tek-bir-halktir-sam-basbakan-vail-el-halaki","tag-suriye-toplumunun-butun-kesimlerinin-tek-bir-halk-oldugunu-ve-kurtlerin-bu-halkin-en-temel-unsurlarindan-birini-teskil-ettigini-dile-getirerek-halkin-birlik-ve-butunlugunu-hicbir-kin-kampanyasi-ve-ter"],"_links":{"self":[{"href":"https:\/\/archive.sana.sy\/tr\/index.php?rest_route=\/wp\/v2\/posts\/22271","targetHints":{"allow":["GET"]}}],"collection":[{"href":"https:\/\/archive.sana.sy\/tr\/index.php?rest_route=\/wp\/v2\/posts"}],"about":[{"href":"https:\/\/archive.sana.sy\/tr\/index.php?rest_route=\/wp\/v2\/types\/post"}],"author":[{"embeddable":true,"href":"https:\/\/archive.sana.sy\/tr\/index.php?rest_route=\/wp\/v2\/users\/1"}],"replies":[{"embeddable":true,"href":"https:\/\/archive.sana.sy\/tr\/index.php?rest_route=%2Fwp%2Fv2%2Fcomments&post=22271"}],"version-history":[{"count":0,"href":"https:\/\/archive.sana.sy\/tr\/index.php?rest_route=\/wp\/v2\/posts\/22271\/revisions"}],"wp:featuredmedia":[{"embeddable":true,"href":"https:\/\/archive.sana.sy\/tr\/index.php?rest_route=\/wp\/v2\/media\/22272"}],"wp:attachment":[{"href":"https:\/\/archive.sana.sy\/tr\/index.php?rest_route=%2Fwp%2Fv2%2Fmedia&parent=22271"}],"wp:term":[{"taxonomy":"category","embeddable":true,"href":"https:\/\/archive.sana.sy\/tr\/index.php?rest_route=%2Fwp%2Fv2%2Fcategories&post=22271"},{"taxonomy":"post_tag","embeddable":true,"href":"https:\/\/archive.sana.sy\/tr\/index.php?rest_route=%2Fwp%2Fv2%2Ftags&post=22271"}],"curies":[{"name":"wp","href":"https:\/\/api.w.org\/{rel}","templated":true}]}}