{"id":222719,"date":"2020-11-22T12:40:11","date_gmt":"2020-11-22T10:40:11","guid":{"rendered":"http:\/\/107.6.182.27\/tr\/?p=222719"},"modified":"2020-11-23T12:26:09","modified_gmt":"2020-11-23T10:26:09","slug":"super-lig-4-haftasinda-vesbe-surtayi-maglup-etti","status":"publish","type":"post","link":"https:\/\/archive.sana.sy\/tr\/?p=222719","title":{"rendered":"S\u00fcper Lig 4. Haftas\u0131nda Vesbe \u015eurta&#8217;y\u0131 Ma\u011flup Etti"},"content":{"rendered":"<p style=\"text-align: justify;\">\u015eAM \u2013 S\u00fcper Futbol Ligi 4. haftas\u0131nda oynanan kar\u015f\u0131la\u015fmalar \u00e7er\u00e7evesinde \u015eam el Celaa Stad\u0131nda bug\u00fcn oynanan kar\u015f\u0131la\u015fmada Vesbe, \u015eurta&#8217;y\u0131 3-0 yendi.<\/p>\n<p style=\"text-align: justify;\">Kar\u015f\u0131la\u015fman\u0131n golleri 17&#8217;de Ali Sar\u0131m, 37 ve 90&#8217;da Said Birro taraf\u0131ndan kaydedildi. Vesbe bu galibiyetiyle puan\u0131n\u0131 7&#8217;ye y\u00fckseltti.<\/p>\n<p style=\"text-align: justify;\">D\u00f6rd\u00fcnc\u00fc tur kar\u015f\u0131la\u015fmalar\u0131 d\u00fcn ba\u015flam\u0131\u015f, Harcelle-Sahil gols\u00fcz berabere kalm\u0131\u015ft\u0131. Bu turun kar\u015f\u0131la\u015fmalar\u0131 yar\u0131n oynanacak Kerame-Hattin, Ordu-F\u00fct\u00fcvve, Te\u015frin-Hurriyye, Ceble-Vahde ve \u0130ttihat-Talia ma\u00e7lar\u0131yla tamamlanacak.<\/p>\n<p style=\"text-align: justify;\">Puan s\u0131ralamas\u0131 ise \u015fu anda Te\u015frin 9 puanla lider, ard\u0131ndan Vahde, Kerame, Ordu ve Vesbe 7 puanda, Hattin 6 puanda, \u015eurta 3 puan, H\u00fcrriyet ve Sahil 2 puanda, F\u00fct\u00fcvve, \u0130ttihad, Harcelle de birer puanda.<\/p>\n","protected":false},"excerpt":{"rendered":"<p>\u015eAM \u2013 S\u00fcper Futbol Ligi 4. haftas\u0131nda oynanan kar\u015f\u0131la\u015fmalar \u00e7er\u00e7evesinde \u015eam el Celaa Stad\u0131nda bug\u00fcn oynanan kar\u015f\u0131la\u015fmada Vesbe, \u015eurta&#8217;y\u0131 3-0 yendi. Kar\u015f\u0131la\u015fman\u0131n golleri 17&#8217;de Ali Sar\u0131m, 37 ve 90&#8217;da Said Birro taraf\u0131ndan kaydedildi. Vesbe bu galibiyetiyle puan\u0131n\u0131 7&#8217;ye y\u00fckseltti. D\u00f6rd\u00fcnc\u00fc tur kar\u015f\u0131la\u015fmalar\u0131 d\u00fcn ba\u015flam\u0131\u015f, Harcelle-Sahil gols\u00fcz berabere kalm\u0131\u015ft\u0131. Bu turun kar\u015f\u0131la\u015fmalar\u0131 yar\u0131n oynanacak Kerame-Hattin, Ordu-F\u00fct\u00fcvve, &hellip;<\/p>\n","protected":false},"author":1,"featured_media":222720,"comment_status":"closed","ping_status":"closed","sticky":false,"template":"","format":"standard","meta":{"footnotes":""},"categories":[479,17988,496,478,497],"tags":[],"class_list":["post-222719","post","type-post","status-publish","format-standard","has-post-thumbnail","","category-haberler-yerel","category-son-haberler","category-spor","category-yerel","category-yerel-turnuvalar"],"_links":{"self":[{"href":"https:\/\/archive.sana.sy\/tr\/index.php?rest_route=\/wp\/v2\/posts\/222719","targetHints":{"allow":["GET"]}}],"collection":[{"href":"https:\/\/archive.sana.sy\/tr\/index.php?rest_route=\/wp\/v2\/posts"}],"about":[{"href":"https:\/\/archive.sana.sy\/tr\/index.php?rest_route=\/wp\/v2\/types\/post"}],"author":[{"embeddable":true,"href":"https:\/\/archive.sana.sy\/tr\/index.php?rest_route=\/wp\/v2\/users\/1"}],"replies":[{"embeddable":true,"href":"https:\/\/archive.sana.sy\/tr\/index.php?rest_route=%2Fwp%2Fv2%2Fcomments&post=222719"}],"version-history":[{"count":0,"href":"https:\/\/archive.sana.sy\/tr\/index.php?rest_route=\/wp\/v2\/posts\/222719\/revisions"}],"wp:featuredmedia":[{"embeddable":true,"href":"https:\/\/archive.sana.sy\/tr\/index.php?rest_route=\/wp\/v2\/media\/222720"}],"wp:attachment":[{"href":"https:\/\/archive.sana.sy\/tr\/index.php?rest_route=%2Fwp%2Fv2%2Fmedia&parent=222719"}],"wp:term":[{"taxonomy":"category","embeddable":true,"href":"https:\/\/archive.sana.sy\/tr\/index.php?rest_route=%2Fwp%2Fv2%2Fcategories&post=222719"},{"taxonomy":"post_tag","embeddable":true,"href":"https:\/\/archive.sana.sy\/tr\/index.php?rest_route=%2Fwp%2Fv2%2Ftags&post=222719"}],"curies":[{"name":"wp","href":"https:\/\/api.w.org\/{rel}","templated":true}]}}