{"id":222725,"date":"2020-11-22T14:37:52","date_gmt":"2020-11-22T12:37:52","guid":{"rendered":"http:\/\/107.6.182.27\/tr\/?p=222725"},"modified":"2020-11-23T12:26:15","modified_gmt":"2020-11-23T10:26:15","slug":"zarif-pedersene-bazi-ulkeler-suriyedeki-siyasi-cozumu-engelliyor","status":"publish","type":"post","link":"https:\/\/archive.sana.sy\/tr\/?p=222725","title":{"rendered":"Zarif Pedersen&#8217;e: Baz\u0131 \u00dclkeler Suriye&#8217;deki Siyasi \u00c7\u00f6z\u00fcm\u00fc Engelliyor"},"content":{"rendered":"<p style=\"text-align: justify;\">TAHRAN \u2013 \u0130ran D\u0131\u015fi\u015fleri Bakan\u0131 Muhammed Cevat Zarif, baz\u0131 \u00fclkelerin Suriye&#8217;deki krizin \u00e7\u00f6z\u00fcm\u00fcn\u00fc engellediklerini belirterek, \u00f6zellikle Korona salg\u0131n\u0131n\u0131n yay\u0131lmas\u0131 g\u00f6lgesinde halk\u0131na uygulanan tek tarafl\u0131 zalim yapt\u0131r\u0131mlar\u0131n kald\u0131r\u0131lmas\u0131 zorunlulu\u011funu vurgulad\u0131.<\/p>\n<p style=\"text-align: justify;\">IRNA haber ajans\u0131 Zarif&#8217;in Birle\u015fmi\u015f Milletler Genel Sekreteri Suriye \u00d6zel Temsilcisi Geir Pedersen&#8217;i kabul\u00fcnde,&#8221;ge\u00e7en y\u0131llarda Suriye krizini sona erdirme f\u0131rsatlar\u0131n\u0131n do\u011fdu\u011funu ancak her defas\u0131nda bu f\u0131rsatlar\u0131 \u00e7\u00f6kertmek ve bo\u015fa \u00e7\u0131kartmak i\u00e7in baz\u0131 \u00fclkeler taraf\u0131ndan giri\u015fimlerle kar\u015f\u0131 kar\u015f\u0131ya kald\u0131klar\u0131n\u0131&#8221; dile getirdi\u011fini s\u00f6yledi.<\/p>\n<p style=\"text-align: justify;\">Kendi y\u00f6n\u00fcnden Pedersen, \u0130ran&#8217;\u0131n BM \u00d6rg\u00fct\u00fc ile Suriye krizinin \u00e7\u00f6z\u00fcm\u00fcnde yapt\u0131\u011f\u0131 i\u015fbirli\u011fini \u00f6verek, \u0130ran&#8217;\u0131n bu y\u00f6ndeki \u00f6nemli rol\u00fcn\u00fc vurgulad\u0131.<\/p>\n","protected":false},"excerpt":{"rendered":"<p>TAHRAN \u2013 \u0130ran D\u0131\u015fi\u015fleri Bakan\u0131 Muhammed Cevat Zarif, baz\u0131 \u00fclkelerin Suriye&#8217;deki krizin \u00e7\u00f6z\u00fcm\u00fcn\u00fc engellediklerini belirterek, \u00f6zellikle Korona salg\u0131n\u0131n\u0131n yay\u0131lmas\u0131 g\u00f6lgesinde halk\u0131na uygulanan tek tarafl\u0131 zalim yapt\u0131r\u0131mlar\u0131n kald\u0131r\u0131lmas\u0131 zorunlulu\u011funu vurgulad\u0131. IRNA haber ajans\u0131 Zarif&#8217;in Birle\u015fmi\u015f Milletler Genel Sekreteri Suriye \u00d6zel Temsilcisi Geir Pedersen&#8217;i kabul\u00fcnde,&#8221;ge\u00e7en y\u0131llarda Suriye krizini sona erdirme f\u0131rsatlar\u0131n\u0131n do\u011fdu\u011funu ancak her defas\u0131nda bu f\u0131rsatlar\u0131 &hellip;<\/p>\n","protected":false},"author":1,"featured_media":222726,"comment_status":"closed","ping_status":"closed","sticky":false,"template":"","format":"standard","meta":{"footnotes":""},"categories":[458,459,17988],"tags":[],"class_list":["post-222725","post","type-post","status-publish","format-standard","has-post-thumbnail","","category-dunya1","category-haberler-arap-uluslararasi-politika","category-son-haberler"],"_links":{"self":[{"href":"https:\/\/archive.sana.sy\/tr\/index.php?rest_route=\/wp\/v2\/posts\/222725","targetHints":{"allow":["GET"]}}],"collection":[{"href":"https:\/\/archive.sana.sy\/tr\/index.php?rest_route=\/wp\/v2\/posts"}],"about":[{"href":"https:\/\/archive.sana.sy\/tr\/index.php?rest_route=\/wp\/v2\/types\/post"}],"author":[{"embeddable":true,"href":"https:\/\/archive.sana.sy\/tr\/index.php?rest_route=\/wp\/v2\/users\/1"}],"replies":[{"embeddable":true,"href":"https:\/\/archive.sana.sy\/tr\/index.php?rest_route=%2Fwp%2Fv2%2Fcomments&post=222725"}],"version-history":[{"count":0,"href":"https:\/\/archive.sana.sy\/tr\/index.php?rest_route=\/wp\/v2\/posts\/222725\/revisions"}],"wp:featuredmedia":[{"embeddable":true,"href":"https:\/\/archive.sana.sy\/tr\/index.php?rest_route=\/wp\/v2\/media\/222726"}],"wp:attachment":[{"href":"https:\/\/archive.sana.sy\/tr\/index.php?rest_route=%2Fwp%2Fv2%2Fmedia&parent=222725"}],"wp:term":[{"taxonomy":"category","embeddable":true,"href":"https:\/\/archive.sana.sy\/tr\/index.php?rest_route=%2Fwp%2Fv2%2Fcategories&post=222725"},{"taxonomy":"post_tag","embeddable":true,"href":"https:\/\/archive.sana.sy\/tr\/index.php?rest_route=%2Fwp%2Fv2%2Ftags&post=222725"}],"curies":[{"name":"wp","href":"https:\/\/api.w.org\/{rel}","templated":true}]}}