{"id":222728,"date":"2020-11-22T15:39:10","date_gmt":"2020-11-22T13:39:10","guid":{"rendered":"http:\/\/107.6.182.27\/tr\/?p=222728"},"modified":"2020-11-23T12:26:28","modified_gmt":"2020-11-23T10:26:28","slug":"derada-arpa-ekili-araziler-10-500-hektara-vardi","status":"publish","type":"post","link":"https:\/\/archive.sana.sy\/tr\/?p=222728","title":{"rendered":"Dera&#8217;da Arpa Ekili Araziler 10.500 Hektara Vard\u0131"},"content":{"rendered":"<p style=\"text-align: justify;\">DERA &#8211; Dera&#8217;da mevcut tar\u0131m sezonunda arpa mahsul\u00fc ekilen alan 27.790 hektarl\u0131k planlanan alandan 10.500 hektara ula\u015ft\u0131.<\/p>\n<p style=\"text-align: justify;\">Tar\u0131m ve Tar\u0131m Reformu M\u00fcd\u00fcr\u00fc M\u00fch. Abdulfettah El Rahhal, bug\u00fcn SANA muhabirine yapt\u0131\u011f\u0131 a\u00e7\u0131klamada, \u00f6n\u00fcm\u00fczdeki birka\u00e7 g\u00fcn i\u00e7inde yeterli miktarda \u00fcretim ihtiyac\u0131na paralel olarak tar\u0131msal faaliyetlerin iyile\u015fmeye tan\u0131k olaca\u011f\u0131n\u0131 belirterek, planlanan sulanm\u0131\u015f bu\u011fday\u0131n 8996 hektar\u0131 oldu\u011funu ve bug\u00fcne kadar 620 hektara vard\u0131\u011f\u0131n\u0131, sulanmam\u0131\u015f bu\u011fday ekiminin ise planlanan \u00a077265 hektar\u0131n \u015fu ana kadar 4200 hektara vard\u0131\u011f\u0131n\u0131 ifade etti.<\/p>\n","protected":false},"excerpt":{"rendered":"<p>DERA &#8211; Dera&#8217;da mevcut tar\u0131m sezonunda arpa mahsul\u00fc ekilen alan 27.790 hektarl\u0131k planlanan alandan 10.500 hektara ula\u015ft\u0131. Tar\u0131m ve Tar\u0131m Reformu M\u00fcd\u00fcr\u00fc M\u00fch. Abdulfettah El Rahhal, bug\u00fcn SANA muhabirine yapt\u0131\u011f\u0131 a\u00e7\u0131klamada, \u00f6n\u00fcm\u00fczdeki birka\u00e7 g\u00fcn i\u00e7inde yeterli miktarda \u00fcretim ihtiyac\u0131na paralel olarak tar\u0131msal faaliyetlerin iyile\u015fmeye tan\u0131k olaca\u011f\u0131n\u0131 belirterek, planlanan sulanm\u0131\u015f bu\u011fday\u0131n 8996 hektar\u0131 oldu\u011funu ve bug\u00fcne &hellip;<\/p>\n","protected":false},"author":1,"featured_media":222729,"comment_status":"closed","ping_status":"closed","sticky":false,"template":"","format":"standard","meta":{"footnotes":""},"categories":[485,486,479,17988,478],"tags":[],"class_list":["post-222728","post","type-post","status-publish","format-standard","has-post-thumbnail","","category-is-ve-sermaye","category-haberler-is-ve-sermaye","category-haberler-yerel","category-son-haberler","category-yerel"],"_links":{"self":[{"href":"https:\/\/archive.sana.sy\/tr\/index.php?rest_route=\/wp\/v2\/posts\/222728","targetHints":{"allow":["GET"]}}],"collection":[{"href":"https:\/\/archive.sana.sy\/tr\/index.php?rest_route=\/wp\/v2\/posts"}],"about":[{"href":"https:\/\/archive.sana.sy\/tr\/index.php?rest_route=\/wp\/v2\/types\/post"}],"author":[{"embeddable":true,"href":"https:\/\/archive.sana.sy\/tr\/index.php?rest_route=\/wp\/v2\/users\/1"}],"replies":[{"embeddable":true,"href":"https:\/\/archive.sana.sy\/tr\/index.php?rest_route=%2Fwp%2Fv2%2Fcomments&post=222728"}],"version-history":[{"count":0,"href":"https:\/\/archive.sana.sy\/tr\/index.php?rest_route=\/wp\/v2\/posts\/222728\/revisions"}],"wp:featuredmedia":[{"embeddable":true,"href":"https:\/\/archive.sana.sy\/tr\/index.php?rest_route=\/wp\/v2\/media\/222729"}],"wp:attachment":[{"href":"https:\/\/archive.sana.sy\/tr\/index.php?rest_route=%2Fwp%2Fv2%2Fmedia&parent=222728"}],"wp:term":[{"taxonomy":"category","embeddable":true,"href":"https:\/\/archive.sana.sy\/tr\/index.php?rest_route=%2Fwp%2Fv2%2Fcategories&post=222728"},{"taxonomy":"post_tag","embeddable":true,"href":"https:\/\/archive.sana.sy\/tr\/index.php?rest_route=%2Fwp%2Fv2%2Ftags&post=222728"}],"curies":[{"name":"wp","href":"https:\/\/api.w.org\/{rel}","templated":true}]}}