{"id":222753,"date":"2020-11-23T12:10:24","date_gmt":"2020-11-23T10:10:24","guid":{"rendered":"http:\/\/107.6.182.27\/tr\/?p=222753"},"modified":"2020-11-24T08:55:21","modified_gmt":"2020-11-24T06:55:21","slug":"turk-isgalinden-destekli-kiralik-teroristleri-rasul-ayn-bolgesindeki-mar-tuma-kilisesini-yagmaladi","status":"publish","type":"post","link":"https:\/\/archive.sana.sy\/tr\/?p=222753","title":{"rendered":"T\u00fcrk \u0130\u015fgalinden Destekli Kiral\u0131k Ter\u00f6ristleri Rasul Ayn B\u00f6lgesindeki Mar Tuma Kilisesi&#8217;ni Ya\u011fmalad\u0131"},"content":{"rendered":"<p>HASEKE \u2013 T\u00fcrk i\u015fgalinden destekli kiral\u0131k ter\u00f6r \u00f6rg\u00fctleri Haseke\u2019nin kuzeyindeki Rasul Ayn b\u00f6lgesindeki ahalilere kar\u015f\u0131 su\u00e7lu uygulamalar\u0131na devam ederek bahsedilen b\u00f6lgedeki Mar Tuma Kilisesinin muhtevalar\u0131n\u0131 ya\u011fmalad\u0131.<\/p>\n<p>Haseke\u2019den yerel kaynaklar SANA muhabirine; T\u00fcrk i\u015fgalinden destekli ter\u00f6r gruplar\u0131n\u0131n Rasul Ayn\u2019da bulunan Mar Tuma Kilisesi&#8217;ndeki mobilya, metal te\u00e7hizat, bak\u0131r koleksiyon par\u00e7alar\u0131 ve elektrikli aletleri \u00e7ald\u0131klar\u0131n\u0131 belirtti.<\/p>\n<p>\u00d6te yanadn kaynaklar; T\u00fcrk i\u015fgal g\u00fc\u00e7leri ve onlar\u0131n emrindeki ter\u00f6rist \u00e7etelerinin Rasul Ayn b\u00f6lgesindeki k\u00f6y halk\u0131na y\u00f6nelik ihlallerini s\u00fcrd\u00fcrd\u00fcklerini ve bu k\u00f6ylerdeki ajanlar\u0131yla i\u015fbirli\u011fi yaparak yeni tar\u0131m arazilerine el koyduklar\u0131n\u0131, tar\u0131m alet ve makinelerini \u00e7ald\u0131klar\u0131n\u0131 ve \u00e7ift\u00e7ilerin topraklar\u0131n\u0131 i\u015flemelerini engellediklerini belirtti.<\/p>\n<p>\u00c7eviri: P.M.<\/p>\n","protected":false},"excerpt":{"rendered":"<p>HASEKE \u2013 T\u00fcrk i\u015fgalinden destekli kiral\u0131k ter\u00f6r \u00f6rg\u00fctleri Haseke\u2019nin kuzeyindeki Rasul Ayn b\u00f6lgesindeki ahalilere kar\u015f\u0131 su\u00e7lu uygulamalar\u0131na devam ederek bahsedilen b\u00f6lgedeki Mar Tuma Kilisesinin muhtevalar\u0131n\u0131 ya\u011fmalad\u0131. Haseke\u2019den yerel kaynaklar SANA muhabirine; T\u00fcrk i\u015fgalinden destekli ter\u00f6r gruplar\u0131n\u0131n Rasul Ayn\u2019da bulunan Mar Tuma Kilisesi&#8217;ndeki mobilya, metal te\u00e7hizat, bak\u0131r koleksiyon par\u00e7alar\u0131 ve elektrikli aletleri \u00e7ald\u0131klar\u0131n\u0131 belirtti. \u00d6te yanadn &hellip;<\/p>\n","protected":false},"author":1,"featured_media":222754,"comment_status":"closed","ping_status":"closed","sticky":false,"template":"","format":"standard","meta":{"footnotes":""},"categories":[479,575,17988,478],"tags":[],"class_list":["post-222753","post","type-post","status-publish","format-standard","has-post-thumbnail","","category-haberler-yerel","category-olaylar-ve-gercekler","category-son-haberler","category-yerel"],"_links":{"self":[{"href":"https:\/\/archive.sana.sy\/tr\/index.php?rest_route=\/wp\/v2\/posts\/222753","targetHints":{"allow":["GET"]}}],"collection":[{"href":"https:\/\/archive.sana.sy\/tr\/index.php?rest_route=\/wp\/v2\/posts"}],"about":[{"href":"https:\/\/archive.sana.sy\/tr\/index.php?rest_route=\/wp\/v2\/types\/post"}],"author":[{"embeddable":true,"href":"https:\/\/archive.sana.sy\/tr\/index.php?rest_route=\/wp\/v2\/users\/1"}],"replies":[{"embeddable":true,"href":"https:\/\/archive.sana.sy\/tr\/index.php?rest_route=%2Fwp%2Fv2%2Fcomments&post=222753"}],"version-history":[{"count":0,"href":"https:\/\/archive.sana.sy\/tr\/index.php?rest_route=\/wp\/v2\/posts\/222753\/revisions"}],"wp:featuredmedia":[{"embeddable":true,"href":"https:\/\/archive.sana.sy\/tr\/index.php?rest_route=\/wp\/v2\/media\/222754"}],"wp:attachment":[{"href":"https:\/\/archive.sana.sy\/tr\/index.php?rest_route=%2Fwp%2Fv2%2Fmedia&parent=222753"}],"wp:term":[{"taxonomy":"category","embeddable":true,"href":"https:\/\/archive.sana.sy\/tr\/index.php?rest_route=%2Fwp%2Fv2%2Fcategories&post=222753"},{"taxonomy":"post_tag","embeddable":true,"href":"https:\/\/archive.sana.sy\/tr\/index.php?rest_route=%2Fwp%2Fv2%2Ftags&post=222753"}],"curies":[{"name":"wp","href":"https:\/\/api.w.org\/{rel}","templated":true}]}}