{"id":22282,"date":"2015-01-29T22:00:05","date_gmt":"2015-01-29T20:00:05","guid":{"rendered":"http:\/\/www.sana.sy\/tr\/?p=22282"},"modified":"2015-01-30T22:09:51","modified_gmt":"2015-01-30T20:09:51","slug":"caferi-istisare-oturumlarini-olumlu-ve-yapici-olarak-nitelendirdi","status":"publish","type":"post","link":"https:\/\/archive.sana.sy\/tr\/?p=22282","title":{"rendered":"Caferi \u0130sti\u015fare Oturumlar\u0131n\u0131 Olumlu ve Yap\u0131c\u0131 Olarak Nitelendirdi"},"content":{"rendered":"<p>MOSKOVA \u2013 Muhalif \u015fahsiyetler ile Moskova&#8217;da yap\u0131lan isti\u015fare oturumlar\u0131nda Suriye Arap Cumhuriyeti heyetinin ba\u015fkan\u0131 Be\u015f\u015far el Caferi; heyetin oturumlar s\u00fcresince olumlu ve a\u00e7\u0131k bir tutum sergiledi\u011fini belirtti.<\/p>\n<p>Oturumlar\u0131n sona ermesi ard\u0131ndan bas\u0131n toplant\u0131s\u0131 d\u00fczenleyen Caferi; temaslar\u0131 olumlu ve yap\u0131c\u0131 olarak nitelendirdi. Caferi bulu\u015fman\u0131n olmas\u0131n\u0131n bile krizin ba\u015f\u0131ndan beri mevcut donuklu\u011fu k\u0131rmas\u0131yla bunun ba\u015far\u0131 niteli\u011finde oldu\u011funu ifade ederken; \u201cRus dostlar, ba\u015fkalar\u0131n\u0131n ba\u015faramad\u0131\u011f\u0131n\u0131 ba\u015fard\u0131\u201d ifadesini kulland\u0131.<\/p>\n<p><a href=\"http:\/\/www.sana.sy\/tr\/wp-content\/uploads\/2015\/01\/Caferi1.jpg\"><img loading=\"lazy\" decoding=\"async\" class=\" size-medium wp-image-22291 alignright\" src=\"http:\/\/www.sana.sy\/tr\/wp-content\/uploads\/2015\/01\/Caferi1-300x169.jpg\" alt=\"Caferi\" width=\"300\" height=\"169\" \/><\/a>Caferi bulu\u015fmada; daha \u00f6nce h\u00fck\u00fcmetle temaslarda bulunmay\u0131 reddeden ve tekere \u00e7omak sokma niteli\u011finde ko\u015fullar \u00f6n s\u00fcren kimi muhalif taraflarla bir ileti\u015fim yaratt\u0131\u011f\u0131na dikkat \u00e7ekti.<\/p>\n<p>Her \u015feye ra\u011fmen bulu\u015fman\u0131n nitelik ve nicelik a\u00e7\u0131s\u0131ndan bir ilk oldu\u011funa dikkat \u00e7eken Caferi; isti\u015fare \u00f6zelli\u011fi ta\u015f\u0131mas\u0131 ve ilk olmas\u0131 nedeniyle tam bir sonucun al\u0131nmamas\u0131n\u0131n gayet normal oldu\u011funu s\u00f6yledi.<\/p>\n<p>Suriye Arap Cumhuriyetinin Rus dostlar ve oturumlar\u0131n moderat\u00f6r\u00fc\u00a0 Vitaly Naumkin ve ekibinin \u00e7abalar\u0131na takdir olarak Moskova ilkeleri ad\u0131 alt\u0131nda ilan edilen belgeyi onaylad\u0131\u011f\u0131na dikkat \u00e7eken Caferi; oturumlara kat\u0131lan muhaliflerin b\u00fcy\u00fck \u00e7o\u011funlu\u011funun da bu ilkeleri onaylad\u0131\u011f\u0131n\u0131 s\u00f6yledi.<\/p>\n<p>Caferi kimi muhalif \u015fahsiyetlerin temaslar s\u0131ras\u0131nda \u015fahsi tutumlarla bir k\u0131s\u0131m \u00f6nerileri reddettiklerine i\u015faret ederken, heyetin temaslar s\u00fcresince her \u00f6neri ve d\u00fc\u015f\u00fcnceye a\u00e7\u0131k bir tutum sergiledi\u011fini belirtti.<\/p>\n<p>Bunun yan\u0131 s\u0131ra muhalif \u015fahsiyetler aras\u0131nda tutum birli\u011finin g\u00f6r\u00fclmedi\u011fini belirten Caferi; kimi \u015fahsiyetlerin kabul etti\u011fine di\u011fer \u015fahsiyetlerin itiraz etti\u011fini s\u00f6yledi.<\/p>\n<p>Caferi bu durumun \u00f6nemli dosyalardan biri say\u0131lan insani davalarda bile g\u00f6r\u00fcld\u00fc\u011f\u00fcne vurgu yapt\u0131.<\/p>\n<p>Suriye Arap Cumhuriyetinin heyeti ile muhalif heyetler aras\u0131nda anla\u015fmazl\u0131\u011f\u0131n oldu\u011funa ili\u015fkin s\u00f6ylentilerin kesinlikle ger\u00e7ekle ilgisi olmad\u0131\u011f\u0131na vurgu yapan Caferi; anla\u015fmazl\u0131klar\u0131n muhalif heyetlerin kendi aralar\u0131nda oldu\u011funu belirtti.<\/p>\n<p>Suriye Arap Cumhuriyetinin heyetinin ba\u015fkan\u0131 Caferi; Rus dostlarla heyet ile muhalif \u015fahsiyetler aras\u0131nda isti\u015fare oturumlar\u0131n\u0131n devam etmesi ve yeni tarihin diplomatik kanallar arac\u0131l\u0131\u011f\u0131 ile belirlenmesi \u00fczerine anla\u015fmaya var\u0131ld\u0131\u011f\u0131n\u0131 s\u00f6yledi.<\/p>\n<p><a href=\"https:\/\/www.youtube.com\/watch?v=_inUDBHbBeE\">https:\/\/www.youtube.com\/watch?v=_inUDBHbBeE<\/a><\/p>\n<p>A.A. \u2013 M.M<\/p>\n","protected":false},"excerpt":{"rendered":"<p>MOSKOVA \u2013 Muhalif \u015fahsiyetler ile Moskova&#8217;da yap\u0131lan isti\u015fare oturumlar\u0131nda Suriye Arap Cumhuriyeti heyetinin ba\u015fkan\u0131 Be\u015f\u015far el Caferi; heyetin oturumlar s\u00fcresince olumlu ve a\u00e7\u0131k bir tutum sergiledi\u011fini belirtti. Oturumlar\u0131n sona ermesi ard\u0131ndan bas\u0131n toplant\u0131s\u0131 d\u00fczenleyen Caferi; temaslar\u0131 olumlu ve yap\u0131c\u0131 olarak nitelendirdi. Caferi bulu\u015fman\u0131n olmas\u0131n\u0131n bile krizin ba\u015f\u0131ndan beri mevcut donuklu\u011fu k\u0131rmas\u0131yla bunun ba\u015far\u0131 niteli\u011finde oldu\u011funu &hellip;<\/p>\n","protected":false},"author":1,"featured_media":22289,"comment_status":"closed","ping_status":"closed","sticky":false,"template":"","format":"standard","meta":{"footnotes":""},"categories":[458,459],"tags":[10960,10959,10961],"class_list":["post-22282","post","type-post","status-publish","format-standard","has-post-thumbnail","","category-dunya1","category-haberler-arap-uluslararasi-politika","tag-baskalarinin-basaramadigini-basardi-ifadesini-kullandi-caferi-bulusmada-daha-once-hukumetle-temaslarda-bulunmayi-reddeden-ve-tekere-comak-sokma-niteliginde-kosullar-on-suren-kimi-muhalif-ta","tag-caferi-istisare-oturumlarini-olumlu-ve-yapici-olarak-nitelendirdi-moskova-muhalif-sahsiyetler-ile-moskovada-yapilan-istisare-oturumlarinda-suriye-arap-cumhuriyeti-heyetinin-baskani-bessar-e","tag-heyetin-temaslar-suresince-her-oneri-ve-dusunceye-acik-bir-tutum-sergiledigini-belirtti-bunun-yani-sira-muhalif-sahsiyetler-arasinda-tutum-birliginin-gorulmedigini-belirten-caferi-kimi-sahsiyetlerin"],"_links":{"self":[{"href":"https:\/\/archive.sana.sy\/tr\/index.php?rest_route=\/wp\/v2\/posts\/22282","targetHints":{"allow":["GET"]}}],"collection":[{"href":"https:\/\/archive.sana.sy\/tr\/index.php?rest_route=\/wp\/v2\/posts"}],"about":[{"href":"https:\/\/archive.sana.sy\/tr\/index.php?rest_route=\/wp\/v2\/types\/post"}],"author":[{"embeddable":true,"href":"https:\/\/archive.sana.sy\/tr\/index.php?rest_route=\/wp\/v2\/users\/1"}],"replies":[{"embeddable":true,"href":"https:\/\/archive.sana.sy\/tr\/index.php?rest_route=%2Fwp%2Fv2%2Fcomments&post=22282"}],"version-history":[{"count":0,"href":"https:\/\/archive.sana.sy\/tr\/index.php?rest_route=\/wp\/v2\/posts\/22282\/revisions"}],"wp:featuredmedia":[{"embeddable":true,"href":"https:\/\/archive.sana.sy\/tr\/index.php?rest_route=\/wp\/v2\/media\/22289"}],"wp:attachment":[{"href":"https:\/\/archive.sana.sy\/tr\/index.php?rest_route=%2Fwp%2Fv2%2Fmedia&parent=22282"}],"wp:term":[{"taxonomy":"category","embeddable":true,"href":"https:\/\/archive.sana.sy\/tr\/index.php?rest_route=%2Fwp%2Fv2%2Fcategories&post=22282"},{"taxonomy":"post_tag","embeddable":true,"href":"https:\/\/archive.sana.sy\/tr\/index.php?rest_route=%2Fwp%2Fv2%2Ftags&post=22282"}],"curies":[{"name":"wp","href":"https:\/\/api.w.org\/{rel}","templated":true}]}}