{"id":22285,"date":"2015-01-29T20:58:32","date_gmt":"2015-01-29T18:58:32","guid":{"rendered":"http:\/\/www.sana.sy\/tr\/?p=22285"},"modified":"2015-01-30T22:13:27","modified_gmt":"2015-01-30T20:13:27","slug":"naumkin-moskovada-suriyeli-suriyeli-toplantilari-olumlu-bir-atmosferde-suruyor","status":"publish","type":"post","link":"https:\/\/archive.sana.sy\/tr\/?p=22285","title":{"rendered":"Naumkin: Moskova\u2019da Suriyeli \u2013 Suriyeli Toplant\u0131lar\u0131 Olumlu Bir Atmosferde S\u00fcr\u00fcyor"},"content":{"rendered":"<p>MOSKOVA \u2013 Suriye Arap Cumhuriyeti heyeti ile muhalif \u015fahsiyetler aras\u0131nda Moskova&#8217;da yap\u0131lan isti\u015fare oturumlar\u0131nda Rus moderat\u00f6r\u00a0 Vitaly Naumkin; bu toplant\u0131da \u00e7\u0131kacak sonu\u00e7lar do\u011frultusunda Moskova\u2019daki \u0130sti\u015fare Toplant\u0131s\u0131na kat\u0131l\u0131m daveti yap\u0131laca\u011f\u0131n\u0131 ifade ederek Suriyeli-Suriyeli G\u00f6r\u00fc\u015fmelerine yard\u0131mc\u0131 olacak b\u00fct\u00fcn devletler ve uluslararas\u0131 \u00f6rg\u00fctlerin kat\u0131l\u0131m\u0131ndan da memnuniyet duyaca\u011f\u0131n\u0131 belirtti.<\/p>\n<p>Bug\u00fcnk\u00fc g\u00f6r\u00fc\u015fmelerin bitmesinden sonra bir bas\u0131n konferans\u0131 d\u00fczenleyen Naumkin; toplant\u0131da Suriye&#8217;nin egemenli\u011fi, b\u00fct\u00fcnl\u00fc\u011f\u00fc ve ba\u011f\u0131ms\u0131zl\u0131\u011f\u0131n\u0131 temel alan \u201cMoskova \u0130lkelerini\u201d\u00a0 ta\u015f\u0131yarak ter\u00f6r\u00fcn her \u015fekline kar\u015f\u0131 koyma karar\u0131na ula\u015f\u0131ld\u0131\u011f\u0131n\u0131 aktard\u0131.<\/p>\n<p>Toplant\u0131 kat\u0131l\u0131mc\u0131lar\u0131n\u0131n Suriye krizinin Cenevre Beyan\u0131 temelinde siyasi \u00e7\u00f6z\u00fcm\u00fcne odakland\u0131klar\u0131n\u0131 dile getiren Naumkin; Moskova \u0130lkelerinin Suriye&#8217;nin gelece\u011finin, d\u0131\u015f m\u00fcdahaleden uzak,\u00a0 \u00f6zg\u00fcrl\u00fck ve demokrasi temelinde belirlenmesi gere\u011fini temel ald\u0131\u011f\u0131n\u0131 ibraz etti.<\/p>\n<p>Toplant\u0131da Suriye topraklar\u0131nda bir tek yabanc\u0131 silahl\u0131 militan\u0131n varl\u0131\u011f\u0131na izin verilmeyece\u011finin de dile getirildi\u011finin alt\u0131n\u0131 \u00e7izen Naumkin; ayr\u0131ca Suriye h\u00fck\u00fcmetinin onay\u0131 olmadan \u00fclke topraklar\u0131nda herhangi bir operasyon d\u00fczenlenememesi gere\u011fine de dikkat \u00e7ekildi\u011fini aktard\u0131.<\/p>\n<p>Toplant\u0131 atmosferini olumlu olarak nitelendiren Naumkin; BM\u2019nin Suriye Temsilcisi Stefan De Mistura\u2019n\u0131n da Suriyelilerin Moskova\u2019daki toplant\u0131lar\u0131na kat\u0131lmas\u0131 \u00f6nerisinde bulundu.<\/p>\n<p>F.B.- M.M.<\/p>\n<p>&nbsp;<\/p>\n","protected":false},"excerpt":{"rendered":"<p>MOSKOVA \u2013 Suriye Arap Cumhuriyeti heyeti ile muhalif \u015fahsiyetler aras\u0131nda Moskova&#8217;da yap\u0131lan isti\u015fare oturumlar\u0131nda Rus moderat\u00f6r\u00a0 Vitaly Naumkin; bu toplant\u0131da \u00e7\u0131kacak sonu\u00e7lar do\u011frultusunda Moskova\u2019daki \u0130sti\u015fare Toplant\u0131s\u0131na kat\u0131l\u0131m daveti yap\u0131laca\u011f\u0131n\u0131 ifade ederek Suriyeli-Suriyeli G\u00f6r\u00fc\u015fmelerine yard\u0131mc\u0131 olacak b\u00fct\u00fcn devletler ve uluslararas\u0131 \u00f6rg\u00fctlerin kat\u0131l\u0131m\u0131ndan da memnuniyet duyaca\u011f\u0131n\u0131 belirtti. Bug\u00fcnk\u00fc g\u00f6r\u00fc\u015fmelerin bitmesinden sonra bir bas\u0131n konferans\u0131 d\u00fczenleyen Naumkin; toplant\u0131da &hellip;<\/p>\n","protected":false},"author":1,"featured_media":22286,"comment_status":"closed","ping_status":"closed","sticky":false,"template":"","format":"standard","meta":{"footnotes":""},"categories":[458,459],"tags":[10963,10964,10962,10965],"class_list":["post-22285","post","type-post","status-publish","format-standard","has-post-thumbnail","","category-dunya1","category-haberler-arap-uluslararasi-politika","tag-butunlugu-ve-bagimsizligini-temel-alan-moskova-ilkelerini-tasiyarak-terorun-her-sekline-karsi-koyma-kararina-ulasildigini-aktardi-toplanti-katilimcilarinin-suriye-krizinin-cenevre-b","tag-dis-mudahaleden-uzak","tag-naumkin-moskovada-suriyeli-suriyeli-toplantilari-olumlu-bir-atmosferde-suruyor-moskova-suriye-arap-cumhuriyeti-heyeti-ile-muhalif-sahsiyetler-arasinda-moskovada-yapilan","tag-ozgurluk-ve-demokrasi-temelinde-belirlenmesi-geregini-temel-aldigini-ibraz-etti-toplantida-suriye-topraklarinda-bir-tek-yabanci-silahli-militanin-varligina-izin-verilmeyeceginin-de-dile-getirildigini"],"_links":{"self":[{"href":"https:\/\/archive.sana.sy\/tr\/index.php?rest_route=\/wp\/v2\/posts\/22285","targetHints":{"allow":["GET"]}}],"collection":[{"href":"https:\/\/archive.sana.sy\/tr\/index.php?rest_route=\/wp\/v2\/posts"}],"about":[{"href":"https:\/\/archive.sana.sy\/tr\/index.php?rest_route=\/wp\/v2\/types\/post"}],"author":[{"embeddable":true,"href":"https:\/\/archive.sana.sy\/tr\/index.php?rest_route=\/wp\/v2\/users\/1"}],"replies":[{"embeddable":true,"href":"https:\/\/archive.sana.sy\/tr\/index.php?rest_route=%2Fwp%2Fv2%2Fcomments&post=22285"}],"version-history":[{"count":0,"href":"https:\/\/archive.sana.sy\/tr\/index.php?rest_route=\/wp\/v2\/posts\/22285\/revisions"}],"wp:featuredmedia":[{"embeddable":true,"href":"https:\/\/archive.sana.sy\/tr\/index.php?rest_route=\/wp\/v2\/media\/22286"}],"wp:attachment":[{"href":"https:\/\/archive.sana.sy\/tr\/index.php?rest_route=%2Fwp%2Fv2%2Fmedia&parent=22285"}],"wp:term":[{"taxonomy":"category","embeddable":true,"href":"https:\/\/archive.sana.sy\/tr\/index.php?rest_route=%2Fwp%2Fv2%2Fcategories&post=22285"},{"taxonomy":"post_tag","embeddable":true,"href":"https:\/\/archive.sana.sy\/tr\/index.php?rest_route=%2Fwp%2Fv2%2Ftags&post=22285"}],"curies":[{"name":"wp","href":"https:\/\/api.w.org\/{rel}","templated":true}]}}