{"id":222916,"date":"2020-11-26T12:06:32","date_gmt":"2020-11-26T10:06:32","guid":{"rendered":"http:\/\/107.6.182.27\/tr\/?p=222916"},"modified":"2020-11-27T08:59:41","modified_gmt":"2020-11-27T06:59:41","slug":"iran-suriyenin-egemenligine-saygi-duyulmasi-ve-orada-bulunan-yasadisi-yabanci-guclerin-tamamen-cikmasi-gerekiyor","status":"publish","type":"post","link":"https:\/\/archive.sana.sy\/tr\/?p=222916","title":{"rendered":"\u0130ran: Suriye&#8217;nin Egemenli\u011fine Sayg\u0131 Duyulmas\u0131 ve Orada Bulunan Yasad\u0131\u015f\u0131 Yabanc\u0131 G\u00fc\u00e7lerin Tamamen \u00c7\u0131kmas\u0131 Gerekiyor"},"content":{"rendered":"<p>NEW YORK \u2013 \u0130ran&#8217;\u0131n Birle\u015fmi\u015f Milletler Daimi B\u00fcy\u00fckel\u00e7isi Macid Taht Ravanci, Suriye&#8217;nin egemenli\u011fine tam sayg\u0131 g\u00f6sterilmesi ve topraklar\u0131nda bulunan yasad\u0131\u015f\u0131 yabanc\u0131 kuvvetlerin tamamen \u00e7\u0131kmas\u0131 gerekti\u011fini belirtti.<\/p>\n<p>Ravanci, BM G\u00fcvenlik Konseyi&#8217;nin Suriye&#8217;deki duruma ili\u015fkin bir oturumunda yapt\u0131\u011f\u0131 a\u00e7\u0131klamada, &#8220;Baz\u0131 \u00fclkeler, Suriye halk\u0131na tek tarafl\u0131 zorlay\u0131c\u0131 yapt\u0131r\u0131mlar\u0131 uygulayarak ve Suriyeli m\u00fcltecilerin d\u00f6n\u00fc\u015f\u00fcne y\u00f6nelik uluslararas\u0131 \u00e7abalar\u0131 engelleyerek, Suriye&#8217;deki krizi uzatmaya ve halk\u0131na iradelerini dayatmaya \u00e7al\u0131\u015f\u0131yor&#8221; dedi.<\/p>\n<p>Ravanci, &#8220;Amerikan g\u00fc\u00e7leri, ter\u00f6rizmle m\u00fccadele bahanesiyle Suriye&#8217;nin baz\u0131 b\u00f6lgelerini i\u015fgal ederek, &#8220;Nusra Cephesi&#8221; gibi baz\u0131 ter\u00f6rist gruplar\u0131 destekledi\u011fine i\u015faret etti.<\/p>\n<p>Ravanci, Suriye halk\u0131n\u0131n korona salg\u0131n\u0131ndan kaynaklanan bask\u0131lardan muzdaripken, kendilerine uygulanan tek tarafl\u0131 zorlay\u0131c\u0131 ekonomik yapt\u0131r\u0131mlar\u0131n ac\u0131lar\u0131n\u0131 art\u0131rd\u0131\u011f\u0131n\u0131 belirtti.<\/p>\n<p>\u00c7eviri: M.Y<\/p>\n","protected":false},"excerpt":{"rendered":"<p>NEW YORK \u2013 \u0130ran&#8217;\u0131n Birle\u015fmi\u015f Milletler Daimi B\u00fcy\u00fckel\u00e7isi Macid Taht Ravanci, Suriye&#8217;nin egemenli\u011fine tam sayg\u0131 g\u00f6sterilmesi ve topraklar\u0131nda bulunan yasad\u0131\u015f\u0131 yabanc\u0131 kuvvetlerin tamamen \u00e7\u0131kmas\u0131 gerekti\u011fini belirtti. Ravanci, BM G\u00fcvenlik Konseyi&#8217;nin Suriye&#8217;deki duruma ili\u015fkin bir oturumunda yapt\u0131\u011f\u0131 a\u00e7\u0131klamada, &#8220;Baz\u0131 \u00fclkeler, Suriye halk\u0131na tek tarafl\u0131 zorlay\u0131c\u0131 yapt\u0131r\u0131mlar\u0131 uygulayarak ve Suriyeli m\u00fcltecilerin d\u00f6n\u00fc\u015f\u00fcne y\u00f6nelik uluslararas\u0131 \u00e7abalar\u0131 engelleyerek, Suriye&#8217;deki &hellip;<\/p>\n","protected":false},"author":36,"featured_media":222917,"comment_status":"closed","ping_status":"closed","sticky":false,"template":"","format":"standard","meta":{"footnotes":""},"categories":[458,459,17988],"tags":[],"class_list":["post-222916","post","type-post","status-publish","format-standard","has-post-thumbnail","","category-dunya1","category-haberler-arap-uluslararasi-politika","category-son-haberler"],"_links":{"self":[{"href":"https:\/\/archive.sana.sy\/tr\/index.php?rest_route=\/wp\/v2\/posts\/222916","targetHints":{"allow":["GET"]}}],"collection":[{"href":"https:\/\/archive.sana.sy\/tr\/index.php?rest_route=\/wp\/v2\/posts"}],"about":[{"href":"https:\/\/archive.sana.sy\/tr\/index.php?rest_route=\/wp\/v2\/types\/post"}],"author":[{"embeddable":true,"href":"https:\/\/archive.sana.sy\/tr\/index.php?rest_route=\/wp\/v2\/users\/36"}],"replies":[{"embeddable":true,"href":"https:\/\/archive.sana.sy\/tr\/index.php?rest_route=%2Fwp%2Fv2%2Fcomments&post=222916"}],"version-history":[{"count":0,"href":"https:\/\/archive.sana.sy\/tr\/index.php?rest_route=\/wp\/v2\/posts\/222916\/revisions"}],"wp:featuredmedia":[{"embeddable":true,"href":"https:\/\/archive.sana.sy\/tr\/index.php?rest_route=\/wp\/v2\/media\/222917"}],"wp:attachment":[{"href":"https:\/\/archive.sana.sy\/tr\/index.php?rest_route=%2Fwp%2Fv2%2Fmedia&parent=222916"}],"wp:term":[{"taxonomy":"category","embeddable":true,"href":"https:\/\/archive.sana.sy\/tr\/index.php?rest_route=%2Fwp%2Fv2%2Fcategories&post=222916"},{"taxonomy":"post_tag","embeddable":true,"href":"https:\/\/archive.sana.sy\/tr\/index.php?rest_route=%2Fwp%2Fv2%2Ftags&post=222916"}],"curies":[{"name":"wp","href":"https:\/\/api.w.org\/{rel}","templated":true}]}}