{"id":222922,"date":"2020-11-26T16:41:13","date_gmt":"2020-11-26T14:41:13","guid":{"rendered":"http:\/\/107.6.182.27\/tr\/?p=222922"},"modified":"2020-11-27T13:38:21","modified_gmt":"2020-11-27T11:38:21","slug":"esadin-onunde-mikdat-disisleri-ve-gurbetciler-bakani-olarak-and-icti","status":"publish","type":"post","link":"https:\/\/archive.sana.sy\/tr\/?p=222922","title":{"rendered":"Esad&#8217;\u0131n \u00d6n\u00fcnde&#8230; Mikdat D\u0131\u015fi\u015fleri ve Gurbet\u00e7iler Bakan\u0131 Olarak And \u0130cti"},"content":{"rendered":"<p>\u015eAM &#8211; Cumhurba\u015fkan\u0131 Be\u015f\u015far Esad \u00f6n\u00fcnde bug\u00fcn, Faysal Mikdat D\u0131\u015fi\u015fleri ve Gurbet\u00e7iler Bakan\u0131 olarak and i\u00e7ti.<\/p>\n<p><a href=\"http:\/\/107.6.182.27\/tr\/wp-content\/uploads\/2020\/11\/2-350.jpg\"><img loading=\"lazy\" decoding=\"async\" class=\"alignright size-medium wp-image-222924\" src=\"http:\/\/107.6.182.27\/tr\/wp-content\/uploads\/2020\/11\/2-350-300x135.jpg\" alt=\"\" width=\"300\" height=\"135\" srcset=\"https:\/\/archive.sana.sy\/tr\/wp-content\/uploads\/2020\/11\/2-350-300x135.jpg 300w, https:\/\/archive.sana.sy\/tr\/wp-content\/uploads\/2020\/11\/2-350-150x68.jpg 150w, https:\/\/archive.sana.sy\/tr\/wp-content\/uploads\/2020\/11\/2-350.jpg 660w\" sizes=\"auto, (max-width: 300px) 100vw, 300px\" \/><\/a>Cumhurba\u015fkan\u0131 Esad Mikdat&#8217;\u0131 kabul\u00fcnde, bir yandan Suriye&#8217;nin maruz kald\u0131\u011f\u0131 siyas\u00ee ve diplomatik sava\u015f ve yan\u0131ltma ve dezenformasyon haberleri yalanlama veya dost ve m\u00fcttefik \u00fclkelerle ili\u015fkileri peki\u015ftirme ve muhtelif alanlarda onlarla yeni i\u015fbirli\u011fi yollar\u0131n\u0131 a\u00e7mada oynad\u0131\u011f\u0131 rol\u00fc belirtti.<\/p>\n<p>Esad ayr\u0131ca, yurt d\u0131\u015f\u0131nda ya\u015fayan gurbet\u00e7ilerimizle s\u00fcrd\u00fcr\u00fclen ileti\u015fimin \u00f6nemi ile Suriyeli m\u00fcltecilerin d\u00f6n\u00fc\u015f\u00fcn\u00fc h\u0131zland\u0131rmak i\u00e7in dost \u00fclkelerle bakanl\u0131k ve devletin di\u011fer kurumlar\u0131 taraf\u0131ndan harcanan \u00e7abalar\u0131 yo\u011funla\u015ft\u0131rma ve \u015fehir ve k\u00f6ylerinde kendilerine m\u00fcnasip \u015fartlar\u0131 haz\u0131rlaman\u0131n \u00f6nemini dile getirdi.<\/p>\n<p>And i\u00e7me t\u00f6renine ba\u015fbakan H\u00fcseyin Arnis kat\u0131ld\u0131.<\/p>\n","protected":false},"excerpt":{"rendered":"<p>\u015eAM &#8211; Cumhurba\u015fkan\u0131 Be\u015f\u015far Esad \u00f6n\u00fcnde bug\u00fcn, Faysal Mikdat D\u0131\u015fi\u015fleri ve Gurbet\u00e7iler Bakan\u0131 olarak and i\u00e7ti. Cumhurba\u015fkan\u0131 Esad Mikdat&#8217;\u0131 kabul\u00fcnde, bir yandan Suriye&#8217;nin maruz kald\u0131\u011f\u0131 siyas\u00ee ve diplomatik sava\u015f ve yan\u0131ltma ve dezenformasyon haberleri yalanlama veya dost ve m\u00fcttefik \u00fclkelerle ili\u015fkileri peki\u015ftirme ve muhtelif alanlarda onlarla yeni i\u015fbirli\u011fi yollar\u0131n\u0131 a\u00e7mada oynad\u0131\u011f\u0131 rol\u00fc belirtti. Esad ayr\u0131ca, &hellip;<\/p>\n","protected":false},"author":1,"featured_media":222923,"comment_status":"closed","ping_status":"closed","sticky":false,"template":"","format":"standard","meta":{"footnotes":""},"categories":[608,479,605,17988,478],"tags":[],"class_list":["post-222922","post","type-post","status-publish","format-standard","has-post-thumbnail","","category-etkinlikler","category-haberler-yerel","category-sayin-cumhurbaskani","category-son-haberler","category-yerel"],"_links":{"self":[{"href":"https:\/\/archive.sana.sy\/tr\/index.php?rest_route=\/wp\/v2\/posts\/222922","targetHints":{"allow":["GET"]}}],"collection":[{"href":"https:\/\/archive.sana.sy\/tr\/index.php?rest_route=\/wp\/v2\/posts"}],"about":[{"href":"https:\/\/archive.sana.sy\/tr\/index.php?rest_route=\/wp\/v2\/types\/post"}],"author":[{"embeddable":true,"href":"https:\/\/archive.sana.sy\/tr\/index.php?rest_route=\/wp\/v2\/users\/1"}],"replies":[{"embeddable":true,"href":"https:\/\/archive.sana.sy\/tr\/index.php?rest_route=%2Fwp%2Fv2%2Fcomments&post=222922"}],"version-history":[{"count":0,"href":"https:\/\/archive.sana.sy\/tr\/index.php?rest_route=\/wp\/v2\/posts\/222922\/revisions"}],"wp:featuredmedia":[{"embeddable":true,"href":"https:\/\/archive.sana.sy\/tr\/index.php?rest_route=\/wp\/v2\/media\/222923"}],"wp:attachment":[{"href":"https:\/\/archive.sana.sy\/tr\/index.php?rest_route=%2Fwp%2Fv2%2Fmedia&parent=222922"}],"wp:term":[{"taxonomy":"category","embeddable":true,"href":"https:\/\/archive.sana.sy\/tr\/index.php?rest_route=%2Fwp%2Fv2%2Fcategories&post=222922"},{"taxonomy":"post_tag","embeddable":true,"href":"https:\/\/archive.sana.sy\/tr\/index.php?rest_route=%2Fwp%2Fv2%2Ftags&post=222922"}],"curies":[{"name":"wp","href":"https:\/\/api.w.org\/{rel}","templated":true}]}}