{"id":22293,"date":"2015-01-30T12:01:22","date_gmt":"2015-01-30T10:01:22","guid":{"rendered":"http:\/\/www.sana.sy\/tr\/?p=22293"},"modified":"2015-01-30T12:01:22","modified_gmt":"2015-01-30T10:01:22","slug":"disisleri-bakanligi-suriye-silahli-teror-gruplari-tarafindan-misirin-sina-adasinda-duzenledikleri-ve-40-askerin-sehit-dusmesine-onlarca-askerin-de-yaralanmasina-sebep-olan-vahsi-saldiriyi-si","status":"publish","type":"post","link":"https:\/\/archive.sana.sy\/tr\/?p=22293","title":{"rendered":"D\u0131\u015fi\u015fleri Bakanl\u0131\u011f\u0131: Suriye Silahl\u0131 Ter\u00f6r Gruplar\u0131 Taraf\u0131ndan M\u0131s\u0131r\u2019\u0131n Sina Adas\u0131nda D\u00fczenledikleri ve 40 Askerin \u015eehit D\u00fc\u015fmesine Onlarca Askerin de Yaralanmas\u0131na Sebep Olan Vah\u015fi Sald\u0131r\u0131y\u0131 \u015eiddetle K\u0131n\u0131yor"},"content":{"rendered":"<p>D\u0131\u015fi\u015fleri Bakanl\u0131\u011f\u0131: Suriye Silahl\u0131 Ter\u00f6r Gruplar\u0131 Taraf\u0131ndan M\u0131s\u0131r\u2019\u0131n Sina Adas\u0131nda D\u00fczenledikleri ve 40 Askerin \u015eehit D\u00fc\u015fmesine Onlarca Askerin de Yaralanmas\u0131na Sebep Olan Vah\u015fi Sald\u0131r\u0131y\u0131 \u015eiddetle K\u0131n\u0131yor<\/p>\n","protected":false},"excerpt":{"rendered":"<p>D\u0131\u015fi\u015fleri Bakanl\u0131\u011f\u0131: Suriye Silahl\u0131 Ter\u00f6r Gruplar\u0131 Taraf\u0131ndan M\u0131s\u0131r\u2019\u0131n Sina Adas\u0131nda D\u00fczenledikleri ve 40 Askerin \u015eehit D\u00fc\u015fmesine Onlarca Askerin de Yaralanmas\u0131na Sebep Olan Vah\u015fi Sald\u0131r\u0131y\u0131 \u015eiddetle K\u0131n\u0131yor<\/p>\n","protected":false},"author":1,"featured_media":0,"comment_status":"closed","ping_status":"closed","sticky":false,"template":"","format":"standard","meta":{"footnotes":""},"categories":[1],"tags":[10966],"class_list":["post-22293","post","type-post","status-publish","format-standard","","category-news-not-sorted","tag-disisleri-bakanligi-suriye-silahli-teror-gruplari-tarafindan-misirin-sina-adasinda-duzenledikleri-ve-40-askerin-sehit-dusmesine-onlarca-askerin-de-yaralanmasina-sebep-olan-vahsi-saldiriyi-si"],"_links":{"self":[{"href":"https:\/\/archive.sana.sy\/tr\/index.php?rest_route=\/wp\/v2\/posts\/22293","targetHints":{"allow":["GET"]}}],"collection":[{"href":"https:\/\/archive.sana.sy\/tr\/index.php?rest_route=\/wp\/v2\/posts"}],"about":[{"href":"https:\/\/archive.sana.sy\/tr\/index.php?rest_route=\/wp\/v2\/types\/post"}],"author":[{"embeddable":true,"href":"https:\/\/archive.sana.sy\/tr\/index.php?rest_route=\/wp\/v2\/users\/1"}],"replies":[{"embeddable":true,"href":"https:\/\/archive.sana.sy\/tr\/index.php?rest_route=%2Fwp%2Fv2%2Fcomments&post=22293"}],"version-history":[{"count":0,"href":"https:\/\/archive.sana.sy\/tr\/index.php?rest_route=\/wp\/v2\/posts\/22293\/revisions"}],"wp:attachment":[{"href":"https:\/\/archive.sana.sy\/tr\/index.php?rest_route=%2Fwp%2Fv2%2Fmedia&parent=22293"}],"wp:term":[{"taxonomy":"category","embeddable":true,"href":"https:\/\/archive.sana.sy\/tr\/index.php?rest_route=%2Fwp%2Fv2%2Fcategories&post=22293"},{"taxonomy":"post_tag","embeddable":true,"href":"https:\/\/archive.sana.sy\/tr\/index.php?rest_route=%2Fwp%2Fv2%2Ftags&post=22293"}],"curies":[{"name":"wp","href":"https:\/\/api.w.org\/{rel}","templated":true}]}}