{"id":222936,"date":"2020-11-26T16:05:48","date_gmt":"2020-11-26T14:05:48","guid":{"rendered":"http:\/\/107.6.182.27\/tr\/?p=222936"},"modified":"2020-11-27T08:59:57","modified_gmt":"2020-11-27T06:59:57","slug":"suveyda-ilindeki-siy-adli-sitede-arkeolojik-kesifler","status":"publish","type":"post","link":"https:\/\/archive.sana.sy\/tr\/?p=222936","title":{"rendered":"S\u00fcveyda \u0130lindeki Siy Adl\u0131 Sitede Arkeolojik Ke\u015fifler"},"content":{"rendered":"<p>S\u00dcVEYDA \u2013 S\u00fcveyda Antik Eserler Departman\u0131&#8217;ndaki ulusal arkeolojik misyon, S\u00fcveyda ilinin kuzeybat\u0131s\u0131ndaki Kinvat Beldesinin civar\u0131nda bulunan Siy b\u00f6lgesindeki arkeolojik kaz\u0131lar\u0131 tamamlad\u0131.<\/p>\n<p>S\u00fcveyda Antik Eserler Dairesi Ba\u015fkan\u0131 Ne\u015fat Kivan SANA muhabirine yapt\u0131\u011f\u0131 a\u00e7\u0131klamada; arkeolojik sitedeki kuzey terasa giden bir merdiven par\u00e7as\u0131n\u0131n ortaya \u00e7\u0131kar\u0131ld\u0131\u011f\u0131n\u0131, giri\u015fin g\u00f6r\u00fcnd\u00fc\u011f\u00fc k\u00fc\u00e7\u00fck bir oda i\u00e7in antik duvarlar\u0131n ortaya \u00e7\u0131kt\u0131\u011f\u0131n\u0131 ve bu noktada birden fazla mimari bo\u015fluk oldu\u011fu ortaya \u00e7\u0131kt\u0131\u011f\u0131n\u0131 s\u00f6yledi.<\/p>\n<p>Kivan&#8217;a g\u00f6re arkeolojik misyon, bazalt ta\u015f heykellerin yan\u0131 s\u0131ra bronz ve \u00e7anak \u00e7\u00f6mlek par\u00e7alar\u0131, &#8220;heykel par\u00e7alar\u0131&#8221; ve M\u00d6 1. y\u00fczy\u0131l ile MS 1. y\u00fczy\u0131la ait mimari bir dekorasyonla s\u00fcslenmi\u015f bir dizi mimari \u00f6\u011feyi ortaya \u00e7\u0131kar\u0131ld\u0131.<\/p>\n<p>&nbsp;<\/p>\n<p>\u00c7eviri: P.M.<\/p>\n<div id='gallery-1' class='gallery galleryid-222936 gallery-columns-1 gallery-size-full'><figure class='gallery-item'>\n\t\t\t<div class='gallery-icon landscape'>\n\t\t\t\t<a href='https:\/\/archive.sana.sy\/tr\/wp-content\/uploads\/2020\/11\/unnamed-file-3.jpg'><img loading=\"lazy\" decoding=\"async\" width=\"660\" height=\"426\" src=\"https:\/\/archive.sana.sy\/tr\/wp-content\/uploads\/2020\/11\/unnamed-file-3.jpg\" class=\"attachment-full size-full\" alt=\"\" srcset=\"https:\/\/archive.sana.sy\/tr\/wp-content\/uploads\/2020\/11\/unnamed-file-3.jpg 660w, https:\/\/archive.sana.sy\/tr\/wp-content\/uploads\/2020\/11\/unnamed-file-3-300x194.jpg 300w, https:\/\/archive.sana.sy\/tr\/wp-content\/uploads\/2020\/11\/unnamed-file-3-150x97.jpg 150w\" sizes=\"auto, (max-width: 660px) 100vw, 660px\" \/><\/a>\n\t\t\t<\/div><\/figure><figure class='gallery-item'>\n\t\t\t<div class='gallery-icon landscape'>\n\t\t\t\t<a href='https:\/\/archive.sana.sy\/tr\/wp-content\/uploads\/2020\/11\/3-310.jpg'><img loading=\"lazy\" decoding=\"async\" width=\"660\" height=\"321\" src=\"https:\/\/archive.sana.sy\/tr\/wp-content\/uploads\/2020\/11\/3-310.jpg\" class=\"attachment-full size-full\" alt=\"\" srcset=\"https:\/\/archive.sana.sy\/tr\/wp-content\/uploads\/2020\/11\/3-310.jpg 660w, https:\/\/archive.sana.sy\/tr\/wp-content\/uploads\/2020\/11\/3-310-300x146.jpg 300w, https:\/\/archive.sana.sy\/tr\/wp-content\/uploads\/2020\/11\/3-310-150x73.jpg 150w\" sizes=\"auto, (max-width: 660px) 100vw, 660px\" \/><\/a>\n\t\t\t<\/div><\/figure>\n\t\t<\/div>\n\n","protected":false},"excerpt":{"rendered":"<p>S\u00dcVEYDA \u2013 S\u00fcveyda Antik Eserler Departman\u0131&#8217;ndaki ulusal arkeolojik misyon, S\u00fcveyda ilinin kuzeybat\u0131s\u0131ndaki Kinvat Beldesinin civar\u0131nda bulunan Siy b\u00f6lgesindeki arkeolojik kaz\u0131lar\u0131 tamamlad\u0131. S\u00fcveyda Antik Eserler Dairesi Ba\u015fkan\u0131 Ne\u015fat Kivan SANA muhabirine yapt\u0131\u011f\u0131 a\u00e7\u0131klamada; arkeolojik sitedeki kuzey terasa giden bir merdiven par\u00e7as\u0131n\u0131n ortaya \u00e7\u0131kar\u0131ld\u0131\u011f\u0131n\u0131, giri\u015fin g\u00f6r\u00fcnd\u00fc\u011f\u00fc k\u00fc\u00e7\u00fck bir oda i\u00e7in antik duvarlar\u0131n ortaya \u00e7\u0131kt\u0131\u011f\u0131n\u0131 ve bu noktada &hellip;<\/p>\n","protected":false},"author":1,"featured_media":222937,"comment_status":"closed","ping_status":"closed","sticky":false,"template":"","format":"standard","meta":{"footnotes":""},"categories":[479,516,511,17988,478],"tags":[],"class_list":["post-222936","post","type-post","status-publish","format-standard","has-post-thumbnail","","category-haberler-yerel","category-haberler-kultur-ve-sanat","category-kultur-ve-sanat","category-son-haberler","category-yerel"],"_links":{"self":[{"href":"https:\/\/archive.sana.sy\/tr\/index.php?rest_route=\/wp\/v2\/posts\/222936","targetHints":{"allow":["GET"]}}],"collection":[{"href":"https:\/\/archive.sana.sy\/tr\/index.php?rest_route=\/wp\/v2\/posts"}],"about":[{"href":"https:\/\/archive.sana.sy\/tr\/index.php?rest_route=\/wp\/v2\/types\/post"}],"author":[{"embeddable":true,"href":"https:\/\/archive.sana.sy\/tr\/index.php?rest_route=\/wp\/v2\/users\/1"}],"replies":[{"embeddable":true,"href":"https:\/\/archive.sana.sy\/tr\/index.php?rest_route=%2Fwp%2Fv2%2Fcomments&post=222936"}],"version-history":[{"count":0,"href":"https:\/\/archive.sana.sy\/tr\/index.php?rest_route=\/wp\/v2\/posts\/222936\/revisions"}],"wp:featuredmedia":[{"embeddable":true,"href":"https:\/\/archive.sana.sy\/tr\/index.php?rest_route=\/wp\/v2\/media\/222937"}],"wp:attachment":[{"href":"https:\/\/archive.sana.sy\/tr\/index.php?rest_route=%2Fwp%2Fv2%2Fmedia&parent=222936"}],"wp:term":[{"taxonomy":"category","embeddable":true,"href":"https:\/\/archive.sana.sy\/tr\/index.php?rest_route=%2Fwp%2Fv2%2Fcategories&post=222936"},{"taxonomy":"post_tag","embeddable":true,"href":"https:\/\/archive.sana.sy\/tr\/index.php?rest_route=%2Fwp%2Fv2%2Ftags&post=222936"}],"curies":[{"name":"wp","href":"https:\/\/api.w.org\/{rel}","templated":true}]}}