{"id":222946,"date":"2020-11-26T13:55:36","date_gmt":"2020-11-26T11:55:36","guid":{"rendered":"http:\/\/107.6.182.27\/tr\/?p=222946"},"modified":"2020-11-27T08:59:44","modified_gmt":"2020-11-27T06:59:44","slug":"avrupa-parlamentosu-turkiyeye-yaptirim-cagrisinda-bulunan-bir-karari-kabul-etti","status":"publish","type":"post","link":"https:\/\/archive.sana.sy\/tr\/?p=222946","title":{"rendered":"Avrupa Parlamentosu, T\u00fcrkiye&#8217;ye Yapt\u0131r\u0131m \u00c7a\u011fr\u0131s\u0131nda Bulunan Bir Karar\u0131 Kabul Etti"},"content":{"rendered":"<p>L\u00dcKSEMBURG \u2013 Avrupa Parlamentosu, Do\u011fu Akdeniz&#8217;de devam eden ihlalleri ve provokasyonlar\u0131 nedeniyle T\u00fcrkiye&#8217;ye yapt\u0131r\u0131m \u00e7a\u011fr\u0131s\u0131nda bulunan bir karar tasla\u011f\u0131n\u0131 b\u00fcy\u00fck \u00e7o\u011funlukla kabul etti.<\/p>\n<p>K\u0131br\u0131s K News internet sitesi, 440 milletvekilinin karar tasla\u011f\u0131 lehinde oy kulland\u0131\u011f\u0131n\u0131, 193&#8217;\u00fcn aleyhte oy kulland\u0131\u011f\u0131n\u0131 ve 35&#8217;in \u00e7ekimser kald\u0131\u011f\u0131n\u0131 belirtti.<\/p>\n<p>Kararda, K\u0131br\u0131s karasular\u0131nda bir oldu bitti dayatma giri\u015fimleri ve Yunanistan da dahil olmak \u00fczere Do\u011fu Akdeniz&#8217;de devam eden ihlalleri nedeniyle T\u00fcrkiye&#8217;ye &#8220;gecikmeden&#8221; yapt\u0131r\u0131m uygulanmas\u0131 \u00e7a\u011fr\u0131s\u0131 bulunuyor.<\/p>\n<p>Kararda ayr\u0131ca Avrupa Konseyi&#8217;ne T\u00fcrkiye&#8217;nin yasad\u0131\u015f\u0131 faaliyetleri konusunda birle\u015fik bir tutum s\u00fcrd\u00fcrmesi ve a\u011f\u0131r cezalarla kar\u015f\u0131l\u0131k vermesi \u00e7a\u011fr\u0131s\u0131nda bulunuldu.<\/p>\n<p>\u00c7eviri: P.M.<\/p>\n","protected":false},"excerpt":{"rendered":"<p>L\u00dcKSEMBURG \u2013 Avrupa Parlamentosu, Do\u011fu Akdeniz&#8217;de devam eden ihlalleri ve provokasyonlar\u0131 nedeniyle T\u00fcrkiye&#8217;ye yapt\u0131r\u0131m \u00e7a\u011fr\u0131s\u0131nda bulunan bir karar tasla\u011f\u0131n\u0131 b\u00fcy\u00fck \u00e7o\u011funlukla kabul etti. K\u0131br\u0131s K News internet sitesi, 440 milletvekilinin karar tasla\u011f\u0131 lehinde oy kulland\u0131\u011f\u0131n\u0131, 193&#8217;\u00fcn aleyhte oy kulland\u0131\u011f\u0131n\u0131 ve 35&#8217;in \u00e7ekimser kald\u0131\u011f\u0131n\u0131 belirtti. Kararda, K\u0131br\u0131s karasular\u0131nda bir oldu bitti dayatma giri\u015fimleri ve Yunanistan da &hellip;<\/p>\n","protected":false},"author":1,"featured_media":222951,"comment_status":"closed","ping_status":"closed","sticky":false,"template":"","format":"standard","meta":{"footnotes":""},"categories":[458,459,17988],"tags":[],"class_list":["post-222946","post","type-post","status-publish","format-standard","has-post-thumbnail","","category-dunya1","category-haberler-arap-uluslararasi-politika","category-son-haberler"],"_links":{"self":[{"href":"https:\/\/archive.sana.sy\/tr\/index.php?rest_route=\/wp\/v2\/posts\/222946","targetHints":{"allow":["GET"]}}],"collection":[{"href":"https:\/\/archive.sana.sy\/tr\/index.php?rest_route=\/wp\/v2\/posts"}],"about":[{"href":"https:\/\/archive.sana.sy\/tr\/index.php?rest_route=\/wp\/v2\/types\/post"}],"author":[{"embeddable":true,"href":"https:\/\/archive.sana.sy\/tr\/index.php?rest_route=\/wp\/v2\/users\/1"}],"replies":[{"embeddable":true,"href":"https:\/\/archive.sana.sy\/tr\/index.php?rest_route=%2Fwp%2Fv2%2Fcomments&post=222946"}],"version-history":[{"count":0,"href":"https:\/\/archive.sana.sy\/tr\/index.php?rest_route=\/wp\/v2\/posts\/222946\/revisions"}],"wp:featuredmedia":[{"embeddable":true,"href":"https:\/\/archive.sana.sy\/tr\/index.php?rest_route=\/wp\/v2\/media\/222951"}],"wp:attachment":[{"href":"https:\/\/archive.sana.sy\/tr\/index.php?rest_route=%2Fwp%2Fv2%2Fmedia&parent=222946"}],"wp:term":[{"taxonomy":"category","embeddable":true,"href":"https:\/\/archive.sana.sy\/tr\/index.php?rest_route=%2Fwp%2Fv2%2Fcategories&post=222946"},{"taxonomy":"post_tag","embeddable":true,"href":"https:\/\/archive.sana.sy\/tr\/index.php?rest_route=%2Fwp%2Fv2%2Ftags&post=222946"}],"curies":[{"name":"wp","href":"https:\/\/api.w.org\/{rel}","templated":true}]}}