{"id":222960,"date":"2020-11-27T10:00:18","date_gmt":"2020-11-27T08:00:18","guid":{"rendered":"http:\/\/107.6.182.27\/tr\/?p=222960"},"modified":"2020-11-28T09:27:05","modified_gmt":"2020-11-28T07:27:05","slug":"sam-sehrinde-orta-dereceli-bir-deprem-meydana-geldi","status":"publish","type":"post","link":"https:\/\/archive.sana.sy\/tr\/?p=222960","title":{"rendered":"\u015eam \u015eehrinde Orta Dereceli Bir Deprem Meydana Geldi"},"content":{"rendered":"<p>\u015eAM \u2013 \u015eam \u015fehrinin kuzeydo\u011fusunda gece yar\u0131s\u0131ndan sonra Richter \u00f6l\u00e7e\u011fine g\u00f6re 4,3 b\u00fcy\u00fckl\u00fc\u011f\u00fcnde bir deprem meydana geldi.<\/p>\n<p>Ulusal Sismoloji Merkezden Jeofizik\u00e7i Majid Hafiz SANA&#8217;ya yapt\u0131\u011f\u0131 a\u00e7\u0131klamada, depremin yerel saate g\u00f6re 24:08\u2019de, \u015eam \u015fehrinin yakla\u015f\u0131k 50 km kuzeydo\u011fusunda meydana geldi\u011fini belirtti.<\/p>\n<p>Hafiz, depremin b\u00fcy\u00fckl\u00fc\u011f\u00fcn\u00fc Richter \u00f6l\u00e7e\u011fine g\u00f6re 4,3 oldu\u011funa i\u015faret etti.<\/p>\n<p>\u00c7eviri: M.Y<\/p>\n","protected":false},"excerpt":{"rendered":"<p>\u015eAM \u2013 \u015eam \u015fehrinin kuzeydo\u011fusunda gece yar\u0131s\u0131ndan sonra Richter \u00f6l\u00e7e\u011fine g\u00f6re 4,3 b\u00fcy\u00fckl\u00fc\u011f\u00fcnde bir deprem meydana geldi. Ulusal Sismoloji Merkezden Jeofizik\u00e7i Majid Hafiz SANA&#8217;ya yapt\u0131\u011f\u0131 a\u00e7\u0131klamada, depremin yerel saate g\u00f6re 24:08\u2019de, \u015eam \u015fehrinin yakla\u015f\u0131k 50 km kuzeydo\u011fusunda meydana geldi\u011fini belirtti. Hafiz, depremin b\u00fcy\u00fckl\u00fc\u011f\u00fcn\u00fc Richter \u00f6l\u00e7e\u011fine g\u00f6re 4,3 oldu\u011funa i\u015faret etti. \u00c7eviri: M.Y<\/p>\n","protected":false},"author":36,"featured_media":222961,"comment_status":"closed","ping_status":"closed","sticky":false,"template":"","format":"standard","meta":{"footnotes":""},"categories":[479,575,17988,478],"tags":[],"class_list":["post-222960","post","type-post","status-publish","format-standard","has-post-thumbnail","","category-haberler-yerel","category-olaylar-ve-gercekler","category-son-haberler","category-yerel"],"_links":{"self":[{"href":"https:\/\/archive.sana.sy\/tr\/index.php?rest_route=\/wp\/v2\/posts\/222960","targetHints":{"allow":["GET"]}}],"collection":[{"href":"https:\/\/archive.sana.sy\/tr\/index.php?rest_route=\/wp\/v2\/posts"}],"about":[{"href":"https:\/\/archive.sana.sy\/tr\/index.php?rest_route=\/wp\/v2\/types\/post"}],"author":[{"embeddable":true,"href":"https:\/\/archive.sana.sy\/tr\/index.php?rest_route=\/wp\/v2\/users\/36"}],"replies":[{"embeddable":true,"href":"https:\/\/archive.sana.sy\/tr\/index.php?rest_route=%2Fwp%2Fv2%2Fcomments&post=222960"}],"version-history":[{"count":0,"href":"https:\/\/archive.sana.sy\/tr\/index.php?rest_route=\/wp\/v2\/posts\/222960\/revisions"}],"wp:featuredmedia":[{"embeddable":true,"href":"https:\/\/archive.sana.sy\/tr\/index.php?rest_route=\/wp\/v2\/media\/222961"}],"wp:attachment":[{"href":"https:\/\/archive.sana.sy\/tr\/index.php?rest_route=%2Fwp%2Fv2%2Fmedia&parent=222960"}],"wp:term":[{"taxonomy":"category","embeddable":true,"href":"https:\/\/archive.sana.sy\/tr\/index.php?rest_route=%2Fwp%2Fv2%2Fcategories&post=222960"},{"taxonomy":"post_tag","embeddable":true,"href":"https:\/\/archive.sana.sy\/tr\/index.php?rest_route=%2Fwp%2Fv2%2Ftags&post=222960"}],"curies":[{"name":"wp","href":"https:\/\/api.w.org\/{rel}","templated":true}]}}