{"id":223364,"date":"2020-11-30T23:16:09","date_gmt":"2020-11-30T21:16:09","guid":{"rendered":"http:\/\/107.6.182.27\/tr\/?p=223364"},"modified":"2020-12-01T09:02:02","modified_gmt":"2020-12-01T07:02:02","slug":"suriye-filistin-halkinin-kendi-kaderini-tayin-etme-ve-bagimsiz-devletini-kurma-hakkini-destekleyen-tutumunu-yineledi","status":"publish","type":"post","link":"https:\/\/archive.sana.sy\/tr\/?p=223364","title":{"rendered":"Suriye, Filistin Halk\u0131n\u0131n Kendi Kaderini Tayin Etme Ve Ba\u011f\u0131ms\u0131z Devletini Kurma Hakk\u0131n\u0131 Destekleyen Tutumunu Yineledi"},"content":{"rendered":"<p>\u015eAM &#8211; D\u0131\u015fi\u015fleri ve Gurbet\u00e7iler Bakan\u0131 Dr. Faysal Mikdat, Suriye&#8217;nin Filistin halk\u0131n\u0131n kendi kaderini tayin etme ve m\u00fcltecilerin evlerine d\u00f6nme hakk\u0131n\u0131 da g\u00fcvence alt\u0131na almakla birlikte ba\u015fkenti Kud\u00fcs olan t\u00fcm ulusal topraklar\u0131nda ba\u011f\u0131ms\u0131z devletlerini kurma hakk\u0131n\u0131 destekleyen ilkeli ve sa\u011flam duru\u015funu bir kez daha yineledi.<\/p>\n<p>Filistin Halk\u0131n\u0131n Devredilemez Haklar\u0131n\u0131 Uygulama Komitesi Ba\u015fkan\u0131, New York&#8217;taki B\u00fcy\u00fckel\u00e7i \u015eeyh Ning&#8217;e Filistin Halk\u0131yla Uluslararas\u0131 Dayan\u0131\u015fma G\u00fcn\u00fc vesilesiyle g\u00f6nderdi\u011fi mektupta Dr.Mikdat, \u201cBa\u015flang\u0131\u00e7ta, Uluslararas\u0131 Dayan\u0131\u015fma G\u00fcn\u00fc olan \u00f6nemli bir y\u0131ll\u0131k toplant\u0131 d\u00fczenleme \u00e7abalar\u0131n\u0131zdan dolay\u0131 size b\u00fcy\u00fck te\u015fekk\u00fcr ve takdirlerimi sunmak isterim. Filistin halk\u0131, bu BM toplant\u0131lar\u0131 \u015feklindeki yeni Corona vir\u00fcs\u00fcn\u00fcn yay\u0131lmas\u0131n\u0131n getirdi\u011fi k\u0131s\u0131tlamalara ra\u011fmen ve sizin Filistin davas\u0131na y\u00f6nelik devam eden endi\u015feleriniz ve halk\u0131n\u0131n ac\u0131 \u00e7ekmesine ra\u011fmen, Birle\u015fmi\u015f Milletler&#8217;in t\u00fcm \u00fcye devletlerinin zihninde ya\u015f\u0131yor&#8221; dedi.<\/p>\n<p>Mikdat, Suriye Arap Cumhuriyeti&#8217;nin \u0130srail i\u015fgalinin Filistin halk\u0131na y\u00f6nelik uygulamalar\u0131n\u0131 ortaya \u00e7\u0131karmak i\u00e7in ana neden olarak g\u00f6rd\u00fc\u011f\u00fc Filistin meselesiyle ilgili uluslararas\u0131 me\u015fruiyet kararlar\u0131n\u0131 uygulamak i\u00e7in komitenin g\u00f6sterdi\u011fi b\u00fcy\u00fck \u00e7abalardan dolay\u0131 takdirini dile getirdi.<\/p>\n<p>D\u0131\u015fi\u015fleri Bakan\u0131 ve Gurbet\u00e7iler, Suriye Arap Cumhuriyeti&#8217;nin 1948 tarihli Genel Kurul Karar\u0131 194&#8217;e g\u00f6re, zamana\u015f\u0131m\u0131 ile sona ermeyen ve uluslararas\u0131 hukuka, Birle\u015fmi\u015f Milletler kararlar\u0131na ve ilgili t\u00fcm uluslararas\u0131 t\u00fcz\u00fck ve belgelere dayal\u0131 olarak m\u00fczakere veya imtiyaza tabi olmayan bir hak olan, Filistin halk\u0131n\u0131n kendi kaderini tayin etme ve m\u00fcltecilerin evlerine d\u00f6nme hakk\u0131n\u0131 da g\u00fcvence alt\u0131na alan ba\u015fkenti Kud\u00fcs olmak \u00fczere t\u00fcm ulusal topraklar\u0131nda ba\u011f\u0131ms\u0131z devletlerini kurma hakk\u0131n\u0131 destekleyen ilkeli ve kararl\u0131 tutumunu bir kez daha yineledi.<\/p>\n<p>Bakan Mikdat, i\u015fgal alt\u0131ndaki Arap topraklar\u0131nda \u0130srailli yerle\u015fimci s\u00f6m\u00fcrgecili\u011fini ve i\u015fgal alt\u0131ndaki k\u00f6y ve \u015fehirlerin yok edilmesine ve as\u0131l sakinleri yerine \u0130srailli yerle\u015fimcilerle yer de\u011fi\u015ftirmek i\u00e7in yerlerinden edilmelerine e\u015flik eden \u0130srail uygulamalar\u0131n\u0131n, \u0130srail i\u015fgal yetkililerinin Filistin ve Suriyeli Arap Golan&#8217;\u0131 i\u015fgallerinin ilk g\u00fcn\u00fcnden itibaren izledikleri politikan\u0131n \u00f6z\u00fcn\u00fc olu\u015fturdu\u011funu belirterek, bu politikaya, keyfi ve \u0131rk\u00e7\u0131 uygulamalar ve i\u015fgal alt\u0131ndaki bu Arap topraklar\u0131nda ya\u015fayan Filistinlilerin ve Suriyelilerin t\u00fcm insan haklar\u0131n\u0131n a\u011f\u0131r ve sistematik ihlalleri e\u015flik etti\u011fini; bunlar\u0131n bir k\u0131sm\u0131n\u0131n, yerle\u015fimcilerin zorla nakledilmesi, evlerin y\u0131k\u0131lmas\u0131, topra\u011fa ve m\u00fclke el konulmas\u0131 ve do\u011fal kaynaklar\u0131n \u00e7al\u0131nmas\u0131 gibi sava\u015f su\u00e7lar\u0131 anlam\u0131na geldi\u011fini s\u00f6yledi.<\/p>\n<p>Mikdat, Filistin halk\u0131yla Uluslararas\u0131 Dayan\u0131\u015fma G\u00fcn\u00fc&#8217;n\u00fcn bu y\u0131l Filistin davas\u0131n\u0131 tehdit eden ciddi geli\u015fmeler \u0131\u015f\u0131\u011f\u0131nda \u00f6zel bir \u00f6nem kazand\u0131\u011f\u0131na dikkat \u00e7ekti.<\/p>\n<p>D\u0131\u015fi\u015fleri ve Gurbet\u00e7iler Bakan\u0131, Suriye Arap Cumhuriyeti\u2019nin s\u00f6zde &#8220;y\u00fczy\u0131l\u0131n anla\u015fmas\u0131n\u0131&#8221; reddetti\u011fini ve k\u0131nand\u0131\u011f\u0131n\u0131, i\u015fgal alt\u0131ndaki Filistin topraklar\u0131nda i\u015fgalci g\u00fc\u00e7 olan &#8220;\u0130srail&#8221; taraf\u0131ndan i\u015flenen sava\u015f su\u00e7lar\u0131 ve insanl\u0131\u011fa kar\u015f\u0131 su\u00e7lar\u0131 belirterek, onlar\u0131 destekleyen devletler, bu su\u00e7lar\u0131n devam\u0131n\u0131n sorumlulu\u011funu ve sonu\u00e7lar\u0131n\u0131 ta\u015f\u0131yacaklar\u0131\u0131n\u0131, ilgili Birle\u015fmi\u015f Milletler kararlar\u0131na uymayan ve yerle\u015fik Filistin haklar\u0131n\u0131 korumayan her t\u00fcrl\u00fc karar, prosed\u00fcr veya anla\u015fma bi\u00e7im ve i\u00e7erik olarak reddedildi\u011fini ve ilk etapta uygulanabilir olamayaca\u011f\u0131n\u0131 vurgulad\u0131.<\/p>\n","protected":false},"excerpt":{"rendered":"<p>\u015eAM &#8211; D\u0131\u015fi\u015fleri ve Gurbet\u00e7iler Bakan\u0131 Dr. Faysal Mikdat, Suriye&#8217;nin Filistin halk\u0131n\u0131n kendi kaderini tayin etme ve m\u00fcltecilerin evlerine d\u00f6nme hakk\u0131n\u0131 da g\u00fcvence alt\u0131na almakla birlikte ba\u015fkenti Kud\u00fcs olan t\u00fcm ulusal topraklar\u0131nda ba\u011f\u0131ms\u0131z devletlerini kurma hakk\u0131n\u0131 destekleyen ilkeli ve sa\u011flam duru\u015funu bir kez daha yineledi. Filistin Halk\u0131n\u0131n Devredilemez Haklar\u0131n\u0131 Uygulama Komitesi Ba\u015fkan\u0131, New York&#8217;taki B\u00fcy\u00fckel\u00e7i &hellip;<\/p>\n","protected":false},"author":1,"featured_media":223365,"comment_status":"closed","ping_status":"closed","sticky":false,"template":"","format":"standard","meta":{"footnotes":""},"categories":[479,17988,478],"tags":[],"class_list":["post-223364","post","type-post","status-publish","format-standard","has-post-thumbnail","","category-haberler-yerel","category-son-haberler","category-yerel"],"_links":{"self":[{"href":"https:\/\/archive.sana.sy\/tr\/index.php?rest_route=\/wp\/v2\/posts\/223364","targetHints":{"allow":["GET"]}}],"collection":[{"href":"https:\/\/archive.sana.sy\/tr\/index.php?rest_route=\/wp\/v2\/posts"}],"about":[{"href":"https:\/\/archive.sana.sy\/tr\/index.php?rest_route=\/wp\/v2\/types\/post"}],"author":[{"embeddable":true,"href":"https:\/\/archive.sana.sy\/tr\/index.php?rest_route=\/wp\/v2\/users\/1"}],"replies":[{"embeddable":true,"href":"https:\/\/archive.sana.sy\/tr\/index.php?rest_route=%2Fwp%2Fv2%2Fcomments&post=223364"}],"version-history":[{"count":0,"href":"https:\/\/archive.sana.sy\/tr\/index.php?rest_route=\/wp\/v2\/posts\/223364\/revisions"}],"wp:featuredmedia":[{"embeddable":true,"href":"https:\/\/archive.sana.sy\/tr\/index.php?rest_route=\/wp\/v2\/media\/223365"}],"wp:attachment":[{"href":"https:\/\/archive.sana.sy\/tr\/index.php?rest_route=%2Fwp%2Fv2%2Fmedia&parent=223364"}],"wp:term":[{"taxonomy":"category","embeddable":true,"href":"https:\/\/archive.sana.sy\/tr\/index.php?rest_route=%2Fwp%2Fv2%2Fcategories&post=223364"},{"taxonomy":"post_tag","embeddable":true,"href":"https:\/\/archive.sana.sy\/tr\/index.php?rest_route=%2Fwp%2Fv2%2Ftags&post=223364"}],"curies":[{"name":"wp","href":"https:\/\/api.w.org\/{rel}","templated":true}]}}