{"id":22343,"date":"2015-01-30T23:55:31","date_gmt":"2015-01-30T21:55:31","guid":{"rendered":"http:\/\/www.sana.sy\/tr\/?p=22343"},"modified":"2015-01-31T13:15:08","modified_gmt":"2015-01-31T11:15:08","slug":"lider-vahde-2-grup-acilis-macini-galibiyetle-basladi","status":"publish","type":"post","link":"https:\/\/archive.sana.sy\/tr\/?p=22343","title":{"rendered":"Lider Vahde 2. Grup A\u00e7\u0131l\u0131\u015f Ma\u00e7\u0131na Galibiyetle Ba\u015flad\u0131"},"content":{"rendered":"<p>LAZK\u0130YE \u2013 Birinci Futbol Ligi \u0130kinci Grup 2. Devre kar\u015f\u0131la\u015fmalar\u0131 3 ma\u00e7la Lazkiye\u2019de ba\u015flad\u0131.<\/p>\n<p><a href=\"http:\/\/www.sana.sy\/tr\/wp-content\/uploads\/2015\/01\/Vahde1.jpg\"><img loading=\"lazy\" decoding=\"async\" class=\"alignright wp-image-22386 size-thumbnail\" src=\"http:\/\/www.sana.sy\/tr\/wp-content\/uploads\/2015\/01\/Vahde1-150x107.jpg\" alt=\"Vahde1\" width=\"150\" height=\"107\" srcset=\"https:\/\/archive.sana.sy\/tr\/wp-content\/uploads\/2015\/01\/Vahde1-150x107.jpg 150w, https:\/\/archive.sana.sy\/tr\/wp-content\/uploads\/2015\/01\/Vahde1-300x214.jpg 300w, https:\/\/archive.sana.sy\/tr\/wp-content\/uploads\/2015\/01\/Vahde1-1024x732.jpg 1024w, https:\/\/archive.sana.sy\/tr\/wp-content\/uploads\/2015\/01\/Vahde1.jpg 1240w\" sizes=\"auto, (max-width: 150px) 100vw, 150px\" \/><\/a>Basil Stad\u0131nda Vahde tak\u0131m\u0131 Nidal tak\u0131m\u0131n\u0131 2. Dakikada Usama Omari ve 62. Dakikada Muhammed Cafer\u2019in att\u0131\u011f\u0131 gollerle 2-0 yenmeyi ba\u015fard\u0131.<\/p>\n<p>Ceble stad\u0131nda oynana kar\u015f\u0131la\u015fmada ise Muhafaza tak\u0131m\u0131n\u0131 55. Dakikada Muhammed C\u0131blak\u2019\u0131n penalt\u0131dan att\u0131\u011f\u0131 golle 1-0 yendi.<\/p>\n<p><img loading=\"lazy\" decoding=\"async\" class=\"alignright wp-image-22389 size-thumbnail\" src=\"http:\/\/www.sana.sy\/tr\/wp-content\/uploads\/2015\/01\/Vahde-Spor-Tak\u0131m\u0131-150x107.jpg\" alt=\"Vahde Spor Tak\u0131m\u0131\" width=\"150\" height=\"107\" srcset=\"https:\/\/archive.sana.sy\/tr\/wp-content\/uploads\/2015\/01\/Vahde-Spor-Tak\u0131m\u0131-150x107.jpg 150w, https:\/\/archive.sana.sy\/tr\/wp-content\/uploads\/2015\/01\/Vahde-Spor-Tak\u0131m\u0131-300x214.jpg 300w, https:\/\/archive.sana.sy\/tr\/wp-content\/uploads\/2015\/01\/Vahde-Spor-Tak\u0131m\u0131-1024x732.jpg 1024w, https:\/\/archive.sana.sy\/tr\/wp-content\/uploads\/2015\/01\/Vahde-Spor-Tak\u0131m\u0131.jpg 1240w\" sizes=\"auto, (max-width: 150px) 100vw, 150px\" \/>Nevair ile Kerame aras\u0131nda oynanan ma\u00e7 ise Kerame\u2019nin 37. Dakikada Enes \u015eevva\u2019n\u0131n att\u0131\u011f\u0131 gole Nevair\u2019den 45.dakikada Mahir Barazi\u2019nin att\u0131\u011f\u0131 golle kar\u015f\u0131l\u0131k vererek ma\u00e7 1-1 berabere sonu\u00e7land\u0131.<\/p>\n<p>2. devre a\u00e7\u0131l\u0131\u015f ma\u00e7lar\u0131ndan sonra puan s\u0131ralamas\u0131 \u015f\u00f6yle olu\u015ftu.\u00a0Vahde 24 puanla lider, 13 puanla Muhafaza 1., Banyas Rafinerisi 12 puanla 3., 10 paun gol fark\u0131yla Nevair 4, F\u00fct\u00fcvve 5., Kerame 6., Nidal ve Cihat 8 puan ve gol fark\u0131yla 7. Ve 8. En son s\u0131rada ise Hattin 5 puanda kald\u0131.<\/p>\n<p>S. \u015e.<\/p>\n","protected":false},"excerpt":{"rendered":"<p>LAZK\u0130YE \u2013 Birinci Futbol Ligi \u0130kinci Grup 2. Devre kar\u015f\u0131la\u015fmalar\u0131 3 ma\u00e7la Lazkiye\u2019de ba\u015flad\u0131. Basil Stad\u0131nda Vahde tak\u0131m\u0131 Nidal tak\u0131m\u0131n\u0131 2. Dakikada Usama Omari ve 62. Dakikada Muhammed Cafer\u2019in att\u0131\u011f\u0131 gollerle 2-0 yenmeyi ba\u015fard\u0131. Ceble stad\u0131nda oynana kar\u015f\u0131la\u015fmada ise Muhafaza tak\u0131m\u0131n\u0131 55. Dakikada Muhammed C\u0131blak\u2019\u0131n penalt\u0131dan att\u0131\u011f\u0131 golle 1-0 yendi. Nevair ile Kerame aras\u0131nda oynanan &hellip;<\/p>\n","protected":false},"author":1,"featured_media":22344,"comment_status":"closed","ping_status":"closed","sticky":false,"template":"","format":"standard","meta":{"footnotes":""},"categories":[496,497],"tags":[11013],"class_list":["post-22343","post","type-post","status-publish","format-standard","has-post-thumbnail","","category-spor","category-yerel-turnuvalar","tag-lider-vahde-2-grup-acilis-macina-galibiyetle-basladi"],"_links":{"self":[{"href":"https:\/\/archive.sana.sy\/tr\/index.php?rest_route=\/wp\/v2\/posts\/22343","targetHints":{"allow":["GET"]}}],"collection":[{"href":"https:\/\/archive.sana.sy\/tr\/index.php?rest_route=\/wp\/v2\/posts"}],"about":[{"href":"https:\/\/archive.sana.sy\/tr\/index.php?rest_route=\/wp\/v2\/types\/post"}],"author":[{"embeddable":true,"href":"https:\/\/archive.sana.sy\/tr\/index.php?rest_route=\/wp\/v2\/users\/1"}],"replies":[{"embeddable":true,"href":"https:\/\/archive.sana.sy\/tr\/index.php?rest_route=%2Fwp%2Fv2%2Fcomments&post=22343"}],"version-history":[{"count":0,"href":"https:\/\/archive.sana.sy\/tr\/index.php?rest_route=\/wp\/v2\/posts\/22343\/revisions"}],"wp:featuredmedia":[{"embeddable":true,"href":"https:\/\/archive.sana.sy\/tr\/index.php?rest_route=\/wp\/v2\/media\/22344"}],"wp:attachment":[{"href":"https:\/\/archive.sana.sy\/tr\/index.php?rest_route=%2Fwp%2Fv2%2Fmedia&parent=22343"}],"wp:term":[{"taxonomy":"category","embeddable":true,"href":"https:\/\/archive.sana.sy\/tr\/index.php?rest_route=%2Fwp%2Fv2%2Fcategories&post=22343"},{"taxonomy":"post_tag","embeddable":true,"href":"https:\/\/archive.sana.sy\/tr\/index.php?rest_route=%2Fwp%2Fv2%2Ftags&post=22343"}],"curies":[{"name":"wp","href":"https:\/\/api.w.org\/{rel}","templated":true}]}}