{"id":223847,"date":"2020-12-08T13:05:00","date_gmt":"2020-12-08T11:05:00","guid":{"rendered":"http:\/\/107.6.182.27\/tr\/?p=223847"},"modified":"2020-12-09T08:19:28","modified_gmt":"2020-12-09T06:19:28","slug":"223847","status":"publish","type":"post","link":"https:\/\/archive.sana.sy\/tr\/?p=223847","title":{"rendered":"Suriye&#8217;nin Kat\u0131l\u0131m\u0131yla &#8230; Rusya&#8217;n\u0131n D\u00fczenledi\u011fi Alternatif Uluslararas\u0131 Fizik Olimpiyat\u0131 Ba\u015flad\u0131"},"content":{"rendered":"<p>\u015eAM \u2013 Suriye&#8217;nin kat\u0131l\u0131m\u0131yla Rusya&#8217;n\u0131n uzaktan organize etti\u011fi Alternatif Uluslararas\u0131 Fizik Olimpiyat\u0131 (IdPhO 2020) bug\u00fcn yakla\u015f\u0131k 50 \u00fclkenin kat\u0131l\u0131m\u0131yla ba\u015flad\u0131.<\/p>\n<p>M\u00fckemmellik ve Yarat\u0131c\u0131l\u0131k Komitesi taraf\u0131ndan yap\u0131lan bir a\u00e7\u0131klamaya g\u00f6re, yar\u0131\u015fmalar, her biri be\u015f s\u00fcrekli saatten olu\u015fan iki tur &#8220;teorik ve pratik&#8221; test i\u00e7ermektedir. Teorik s\u0131navlar bug\u00fcn, pratik s\u0131navlar ise 10-12-2020 Per\u015fembe g\u00fcnleri yap\u0131lmaktad\u0131r.<\/p>\n<p>Komite; her ekibin kendi \u00fclkelerinden internet \u00fczerinden do\u011frudan ileti\u015fim yoluyla ve organizat\u00f6r \u00fclkedeki bilimsel komitenin gerektirdi\u011fi standartlara g\u00f6re kat\u0131ld\u0131\u011f\u0131n\u0131 belirtti.<\/p>\n<p>\u00c7eviri: P.M.<\/p>\n<div id='gallery-1' class='gallery galleryid-223847 gallery-columns-2 gallery-size-full'><figure class='gallery-item'>\n\t\t\t<div class='gallery-icon landscape'>\n\t\t\t\t<a href='https:\/\/archive.sana.sy\/tr\/wp-content\/uploads\/2020\/12\/16-23.jpg'><img loading=\"lazy\" decoding=\"async\" width=\"660\" height=\"440\" src=\"https:\/\/archive.sana.sy\/tr\/wp-content\/uploads\/2020\/12\/16-23.jpg\" class=\"attachment-full size-full\" alt=\"\" srcset=\"https:\/\/archive.sana.sy\/tr\/wp-content\/uploads\/2020\/12\/16-23.jpg 660w, https:\/\/archive.sana.sy\/tr\/wp-content\/uploads\/2020\/12\/16-23-300x200.jpg 300w, https:\/\/archive.sana.sy\/tr\/wp-content\/uploads\/2020\/12\/16-23-150x100.jpg 150w\" sizes=\"auto, (max-width: 660px) 100vw, 660px\" \/><\/a>\n\t\t\t<\/div><\/figure><figure class='gallery-item'>\n\t\t\t<div class='gallery-icon landscape'>\n\t\t\t\t<a href='https:\/\/archive.sana.sy\/tr\/wp-content\/uploads\/2020\/12\/15-30.jpg'><img loading=\"lazy\" decoding=\"async\" width=\"660\" height=\"440\" src=\"https:\/\/archive.sana.sy\/tr\/wp-content\/uploads\/2020\/12\/15-30.jpg\" class=\"attachment-full size-full\" alt=\"\" srcset=\"https:\/\/archive.sana.sy\/tr\/wp-content\/uploads\/2020\/12\/15-30.jpg 660w, https:\/\/archive.sana.sy\/tr\/wp-content\/uploads\/2020\/12\/15-30-300x200.jpg 300w, https:\/\/archive.sana.sy\/tr\/wp-content\/uploads\/2020\/12\/15-30-150x100.jpg 150w\" sizes=\"auto, (max-width: 660px) 100vw, 660px\" \/><\/a>\n\t\t\t<\/div><\/figure>\n\t\t<\/div>\n\n","protected":false},"excerpt":{"rendered":"<p>\u015eAM \u2013 Suriye&#8217;nin kat\u0131l\u0131m\u0131yla Rusya&#8217;n\u0131n uzaktan organize etti\u011fi Alternatif Uluslararas\u0131 Fizik Olimpiyat\u0131 (IdPhO 2020) bug\u00fcn yakla\u015f\u0131k 50 \u00fclkenin kat\u0131l\u0131m\u0131yla ba\u015flad\u0131. M\u00fckemmellik ve Yarat\u0131c\u0131l\u0131k Komitesi taraf\u0131ndan yap\u0131lan bir a\u00e7\u0131klamaya g\u00f6re, yar\u0131\u015fmalar, her biri be\u015f s\u00fcrekli saatten olu\u015fan iki tur &#8220;teorik ve pratik&#8221; test i\u00e7ermektedir. Teorik s\u0131navlar bug\u00fcn, pratik s\u0131navlar ise 10-12-2020 Per\u015fembe g\u00fcnleri yap\u0131lmaktad\u0131r. Komite; her &hellip;<\/p>\n","protected":false},"author":1,"featured_media":223849,"comment_status":"closed","ping_status":"closed","sticky":false,"template":"","format":"standard","meta":{"footnotes":""},"categories":[479,516,511,17988,478],"tags":[],"class_list":["post-223847","post","type-post","status-publish","format-standard","has-post-thumbnail","","category-haberler-yerel","category-haberler-kultur-ve-sanat","category-kultur-ve-sanat","category-son-haberler","category-yerel"],"_links":{"self":[{"href":"https:\/\/archive.sana.sy\/tr\/index.php?rest_route=\/wp\/v2\/posts\/223847","targetHints":{"allow":["GET"]}}],"collection":[{"href":"https:\/\/archive.sana.sy\/tr\/index.php?rest_route=\/wp\/v2\/posts"}],"about":[{"href":"https:\/\/archive.sana.sy\/tr\/index.php?rest_route=\/wp\/v2\/types\/post"}],"author":[{"embeddable":true,"href":"https:\/\/archive.sana.sy\/tr\/index.php?rest_route=\/wp\/v2\/users\/1"}],"replies":[{"embeddable":true,"href":"https:\/\/archive.sana.sy\/tr\/index.php?rest_route=%2Fwp%2Fv2%2Fcomments&post=223847"}],"version-history":[{"count":0,"href":"https:\/\/archive.sana.sy\/tr\/index.php?rest_route=\/wp\/v2\/posts\/223847\/revisions"}],"wp:featuredmedia":[{"embeddable":true,"href":"https:\/\/archive.sana.sy\/tr\/index.php?rest_route=\/wp\/v2\/media\/223849"}],"wp:attachment":[{"href":"https:\/\/archive.sana.sy\/tr\/index.php?rest_route=%2Fwp%2Fv2%2Fmedia&parent=223847"}],"wp:term":[{"taxonomy":"category","embeddable":true,"href":"https:\/\/archive.sana.sy\/tr\/index.php?rest_route=%2Fwp%2Fv2%2Fcategories&post=223847"},{"taxonomy":"post_tag","embeddable":true,"href":"https:\/\/archive.sana.sy\/tr\/index.php?rest_route=%2Fwp%2Fv2%2Ftags&post=223847"}],"curies":[{"name":"wp","href":"https:\/\/api.w.org\/{rel}","templated":true}]}}