{"id":223883,"date":"2020-12-08T20:29:07","date_gmt":"2020-12-08T18:29:07","guid":{"rendered":"http:\/\/107.6.182.27\/tr\/?p=223883"},"modified":"2020-12-08T20:48:08","modified_gmt":"2020-12-08T18:48:08","slug":"isgal-altindaki-suriyeli-arap-golanin-ahalisi-yarin-carsamba-gunu-genel-grev-ilan-edip-topraklarinda-israil-isgal-yetkililerinin-planladiklari-buyuk-hayranlar-olusturma-plani-bozmak-icin-topr","status":"publish","type":"post","link":"https:\/\/archive.sana.sy\/tr\/?p=223883","title":{"rendered":"\u0130\u015fgal alt\u0131ndaki Suriyeli Arap Golan\u2019\u0131n ahalisi yar\u0131n \u00c7ar\u015famba g\u00fcn\u00fc genel grev ilan edip topraklar\u0131nda \u0130srail i\u015fgal yetkililerinin planlad\u0131klar\u0131 b\u00fcy\u00fck t\u00fcrbeinler kurma plan\u0131 bozmak i\u00e7in topraklar\u0131na gidiyor"},"content":{"rendered":"<p>\u0130\u015fgal alt\u0131ndaki Suriyeli Arap Golan\u2019\u0131n ahalisi yar\u0131n \u00c7ar\u015famba g\u00fcn\u00fc genel grev ilan edip topraklar\u0131nda \u0130srail i\u015fgal yetkililerinin planlad\u0131klar\u0131 b\u00fcy\u00fck t\u00fcrbeinler kurma plan\u0131 bozmak i\u00e7in topraklar\u0131na gidiyor<\/p>\n","protected":false},"excerpt":{"rendered":"<p>\u0130\u015fgal alt\u0131ndaki Suriyeli Arap Golan\u2019\u0131n ahalisi yar\u0131n \u00c7ar\u015famba g\u00fcn\u00fc genel grev ilan edip topraklar\u0131nda \u0130srail i\u015fgal yetkililerinin planlad\u0131klar\u0131 b\u00fcy\u00fck t\u00fcrbeinler kurma plan\u0131 bozmak i\u00e7in topraklar\u0131na gidiyor<\/p>\n","protected":false},"author":1,"featured_media":0,"comment_status":"closed","ping_status":"closed","sticky":false,"template":"","format":"standard","meta":{"footnotes":""},"categories":[17991],"tags":[],"class_list":["post-223883","post","type-post","status-publish","format-standard","","category-son-dakika"],"_links":{"self":[{"href":"https:\/\/archive.sana.sy\/tr\/index.php?rest_route=\/wp\/v2\/posts\/223883","targetHints":{"allow":["GET"]}}],"collection":[{"href":"https:\/\/archive.sana.sy\/tr\/index.php?rest_route=\/wp\/v2\/posts"}],"about":[{"href":"https:\/\/archive.sana.sy\/tr\/index.php?rest_route=\/wp\/v2\/types\/post"}],"author":[{"embeddable":true,"href":"https:\/\/archive.sana.sy\/tr\/index.php?rest_route=\/wp\/v2\/users\/1"}],"replies":[{"embeddable":true,"href":"https:\/\/archive.sana.sy\/tr\/index.php?rest_route=%2Fwp%2Fv2%2Fcomments&post=223883"}],"version-history":[{"count":0,"href":"https:\/\/archive.sana.sy\/tr\/index.php?rest_route=\/wp\/v2\/posts\/223883\/revisions"}],"wp:attachment":[{"href":"https:\/\/archive.sana.sy\/tr\/index.php?rest_route=%2Fwp%2Fv2%2Fmedia&parent=223883"}],"wp:term":[{"taxonomy":"category","embeddable":true,"href":"https:\/\/archive.sana.sy\/tr\/index.php?rest_route=%2Fwp%2Fv2%2Fcategories&post=223883"},{"taxonomy":"post_tag","embeddable":true,"href":"https:\/\/archive.sana.sy\/tr\/index.php?rest_route=%2Fwp%2Fv2%2Ftags&post=223883"}],"curies":[{"name":"wp","href":"https:\/\/api.w.org\/{rel}","templated":true}]}}