{"id":223886,"date":"2020-12-08T20:46:10","date_gmt":"2020-12-08T18:46:10","guid":{"rendered":"http:\/\/107.6.182.27\/tr\/?p=223886"},"modified":"2020-12-09T11:34:07","modified_gmt":"2020-12-09T09:34:07","slug":"isgal-altindaki-golan-halki-israil-isgalin-topraklarinda-buyuk-hayranlar-kurma-planlarina-karsi-yarin-genel-grev-ilan-etti","status":"publish","type":"post","link":"https:\/\/archive.sana.sy\/tr\/?p=223886","title":{"rendered":"\u0130\u015fgal Alt\u0131ndaki Golan Halk\u0131, \u0130srail \u0130\u015fgalinin Topraklar\u0131nda B\u00fcy\u00fck T\u00fcrbinler Kurma Planlar\u0131na Kar\u015f\u0131 Yar\u0131n Genel Grev \u0130lan Etti"},"content":{"rendered":"<p>\u0130\u015eGAL ALTINDAK\u0130 GOLAN \u2013 \u0130\u015fgal alt\u0131ndaki Suriyeli Arap Golan\u2019\u0131n ahalisi yar\u0131n \u00c7ar\u015famba g\u00fcn\u00fc genel grev ilan edip topraklar\u0131nda \u0130srail i\u015fgal yetkililerinin planlad\u0131klar\u0131 b\u00fcy\u00fck t\u00fcrbinler olu\u015fturma plan\u0131 bozmak i\u00e7in topraklar\u0131na gidiyor<\/p>\n<p>\u0130srail i\u015fgal g\u00fc\u00e7leri d\u00fcn i\u015fgal alt\u0131ndaki Golan&#8217;\u0131n k\u00f6ylerine bir dizi ana giri\u015fleri kapatarak i\u015fgal yetkililerinin dev t\u00fcrbinler in\u015fa etmek istedi\u011fi b\u00f6lgelerde halk\u0131n tar\u0131m alanlar\u0131na ula\u015fmas\u0131n\u0131 engelledi.<\/p>\n<p>\u00c7eviri: P.M.<\/p>\n","protected":false},"excerpt":{"rendered":"<p>\u0130\u015eGAL ALTINDAK\u0130 GOLAN \u2013 \u0130\u015fgal alt\u0131ndaki Suriyeli Arap Golan\u2019\u0131n ahalisi yar\u0131n \u00c7ar\u015famba g\u00fcn\u00fc genel grev ilan edip topraklar\u0131nda \u0130srail i\u015fgal yetkililerinin planlad\u0131klar\u0131 b\u00fcy\u00fck t\u00fcrbinler olu\u015fturma plan\u0131 bozmak i\u00e7in topraklar\u0131na gidiyor \u0130srail i\u015fgal g\u00fc\u00e7leri d\u00fcn i\u015fgal alt\u0131ndaki Golan&#8217;\u0131n k\u00f6ylerine bir dizi ana giri\u015fleri kapatarak i\u015fgal yetkililerinin dev t\u00fcrbinler in\u015fa etmek istedi\u011fi b\u00f6lgelerde halk\u0131n tar\u0131m alanlar\u0131na ula\u015fmas\u0131n\u0131 &hellip;<\/p>\n","protected":false},"author":1,"featured_media":223887,"comment_status":"closed","ping_status":"closed","sticky":false,"template":"","format":"standard","meta":{"footnotes":""},"categories":[479,17988,478],"tags":[],"class_list":["post-223886","post","type-post","status-publish","format-standard","has-post-thumbnail","","category-haberler-yerel","category-son-haberler","category-yerel"],"_links":{"self":[{"href":"https:\/\/archive.sana.sy\/tr\/index.php?rest_route=\/wp\/v2\/posts\/223886","targetHints":{"allow":["GET"]}}],"collection":[{"href":"https:\/\/archive.sana.sy\/tr\/index.php?rest_route=\/wp\/v2\/posts"}],"about":[{"href":"https:\/\/archive.sana.sy\/tr\/index.php?rest_route=\/wp\/v2\/types\/post"}],"author":[{"embeddable":true,"href":"https:\/\/archive.sana.sy\/tr\/index.php?rest_route=\/wp\/v2\/users\/1"}],"replies":[{"embeddable":true,"href":"https:\/\/archive.sana.sy\/tr\/index.php?rest_route=%2Fwp%2Fv2%2Fcomments&post=223886"}],"version-history":[{"count":0,"href":"https:\/\/archive.sana.sy\/tr\/index.php?rest_route=\/wp\/v2\/posts\/223886\/revisions"}],"wp:featuredmedia":[{"embeddable":true,"href":"https:\/\/archive.sana.sy\/tr\/index.php?rest_route=\/wp\/v2\/media\/223887"}],"wp:attachment":[{"href":"https:\/\/archive.sana.sy\/tr\/index.php?rest_route=%2Fwp%2Fv2%2Fmedia&parent=223886"}],"wp:term":[{"taxonomy":"category","embeddable":true,"href":"https:\/\/archive.sana.sy\/tr\/index.php?rest_route=%2Fwp%2Fv2%2Fcategories&post=223886"},{"taxonomy":"post_tag","embeddable":true,"href":"https:\/\/archive.sana.sy\/tr\/index.php?rest_route=%2Fwp%2Fv2%2Ftags&post=223886"}],"curies":[{"name":"wp","href":"https:\/\/api.w.org\/{rel}","templated":true}]}}