{"id":223898,"date":"2020-12-08T20:41:52","date_gmt":"2020-12-08T18:41:52","guid":{"rendered":"http:\/\/107.6.182.27\/tr\/?p=223898"},"modified":"2020-12-09T08:20:26","modified_gmt":"2020-12-09T06:20:26","slug":"direnis-alimleri-konferansi-hassun-suriye-direnisin-kucaklayicisi-olarak-kalacak-hammud-siyonist-dusmanla-normallesmenin-kinanmasi","status":"publish","type":"post","link":"https:\/\/archive.sana.sy\/tr\/?p=223898","title":{"rendered":"Direni\u015f Alimleri Konferans\u0131.. Hassun: Suriye, Direni\u015fin Kucaklay\u0131c\u0131s\u0131 Olarak Kalacak.. Hammud: Siyonist D\u00fc\u015fmanla Normalle\u015fmenin K\u0131nanmas\u0131"},"content":{"rendered":"<p style=\"text-align: justify;\">BEYRUT &#8211; Alt\u0131nc\u0131 Uluslararas\u0131 Direni\u015f Alimleri Birli\u011fi Konferans\u0131&#8217;n\u0131n faaliyetleri bug\u00fcn L\u00fcbnan&#8217;\u0131n ba\u015fkenti Beyrut&#8217;ta &#8220;Normalle\u015fme planlar\u0131 ve tasfiye projeleri kar\u015f\u0131s\u0131nda ulusun ayaklanmas\u0131&#8221; ba\u015fl\u0131\u011f\u0131 alt\u0131nda ba\u015flad\u0131.<\/p>\n<p style=\"text-align: justify;\">Cumhuriyet M\u00fcft\u00fcs\u00fc Dr. Ahmad Bedreddin Hassun, video konferans s\u0131ras\u0131nda El Aksa&#8217;n\u0131n sald\u0131r\u0131ya maruz kal\u0131rken, Arap topraklar\u0131n\u0131n hala gasp edildi\u011fi, y\u00fczlerce \u00f6zg\u00fcr ki\u015finin i\u015fgal hapishanelerinde oldu\u011fu s\u0131rada baz\u0131lar\u0131n\u0131n Siyonist d\u00fc\u015fmanla normalle\u015fmeye ko\u015fmas\u0131n\u0131 k\u0131nayarak, d\u00fc\u015fman \u0130srail ile normalle\u015fme yerine kar\u015f\u0131 koymada saflar\u0131 birle\u015ftirmeye \u00e7a\u011f\u0131rd\u0131.<\/p>\n<p style=\"text-align: justify;\">M\u00fcft\u00fc Hassun, \u015f\u00f6yle dedi: &#8220;Size g\u00f6klerin kutsad\u0131\u011f\u0131 ve peygamberlerin ayaklar\u0131yla kutsal k\u0131l\u0131nd\u0131\u011f\u0131 bir \u00fclkeden kar\u015f\u0131n\u0131zday\u0131m.. On y\u0131l \u00f6nce ordusunun yok edilmeye ve halk\u0131n\u0131n a\u015fa\u011f\u0131lanmaya \u00e7al\u0131\u015f\u0131ld\u0131\u011f\u0131 \u00fclkeden konu\u015fuyorum. Lakin Suriye komploculara kar\u015f\u0131 direnip yenilgiye u\u011fratt\u0131, direni\u015fin kucaklay\u0131c\u0131s\u0131 ve destek\u00e7isi olarak kald\u0131 ve direni\u015fle ayn\u0131 siperde son nefesine kadar birlikte kalacakt\u0131r&#8221;.<\/p>\n<p style=\"text-align: justify;\">Direni\u015f Alimler Birli\u011fi Ba\u015fkan\u0131 \u015eeyh Mahir Hammud ise konferans\u0131n a\u00e7\u0131l\u0131\u015f\u0131nda yapt\u0131\u011f\u0131 konu\u015fmada, Siyonist varl\u0131\u011f\u0131na kar\u015f\u0131 direni\u015finin sebat halinde oldu\u011funu ve g\u00fc\u00e7lendi\u011fini belirterek, Filistin ta\u015f intifadas\u0131n\u0131n \u00fczerinden ge\u00e7en 33 y\u0131ldan sonra ta\u015f\u0131n mermiden daha g\u00fc\u00e7l\u00fc oldu\u011funu, hakl\u0131 iman\u0131n ve gelece\u011fin i\u015fgal lejyonlar\u0131ndan daha g\u00fc\u00e7l\u00fc oldu\u011funun kan\u0131tland\u0131\u011f\u0131na dikkat \u00e7ekti.<\/p>\n<p style=\"text-align: justify;\">Hammud, normalle\u015fmenin t\u00fcm \u015fekillerini ve Amerikan cabbarl\u0131\u011f\u0131n\u0131 k\u0131nayarak, normalle\u015fmenin Temmuz 2006 sald\u0131rganl\u0131\u011f\u0131n\u0131n ba\u015far\u0131s\u0131zl\u0131\u011f\u0131 ve direni\u015fi her \u015feyiyle destekleyen Suriye&#8217;ye kar\u015f\u0131 komplo kurarak direni\u015f eksenini ortadan kald\u0131rma giri\u015fiminin ba\u015far\u0131s\u0131zl\u0131\u011f\u0131 sonucunda ortaya \u00e7\u0131kt\u0131\u011f\u0131na i\u015faret ettti.<\/p>\n<p style=\"text-align: justify;\">Hammud, ABD&#8217;nin direni\u015fin imaj\u0131n\u0131 bozmak, Suriye, Irak ve Libya&#8217;y\u0131 vurmak i\u00e7in milyarlarca dolar \u00f6dedi\u011fini a\u00e7\u0131k\u00e7a duyurdu\u011funu belirterek, direni\u015f ekseninin t\u00fcm komplolar\u0131 bozaca\u011f\u0131n\u0131 ve zafere ula\u015faca\u011f\u0131n\u0131 vurgulad\u0131.<\/p>\n<p style=\"text-align: justify;\">Hizbullah Genel Sekreter Yard\u0131mc\u0131s\u0131 \u015eeyh Naim Kas\u0131m ise Filistin&#8217;in i\u015fgal alt\u0131nda ve bir hak meselesi oldu\u011funu, &#8220;\u0130srail&#8221;in de gasp\u00e7\u0131 oldu\u011funu vurgulayarak, 1917&#8217;deki \u201cBalfour Deklarasyonu\u201d ndan bu yana komplonun hacmine ra\u011fmen, birbirini izleyen nesillerin hak davas\u0131 ve Filistin&#8217;in kurtulu\u015fu i\u00e7in sava\u015ft\u0131\u011f\u0131n\u0131 ve \u00e7al\u0131\u015ft\u0131\u011f\u0131n\u0131 belirtti.<\/p>\n<p style=\"text-align: justify;\">Kas\u0131m, normalle\u015fmenin gizli olan\u0131 ve hainlerle birlikte en \u00f6nde gelen direni\u015f\u00e7ileri ve destek\u00e7ileri de a\u00e7\u0131\u011fa \u00e7\u0131kard\u0131\u011f\u0131n\u0131 ortada gri diye bir \u015feyin kalmad\u0131\u011f\u0131n\u0131 ve d\u00fcellonun art\u0131k a\u00e7\u0131k oldu\u011funu vurgulayarak, \u0130srail i\u015fgal varl\u0131\u011f\u0131n\u0131n su\u00e7, kaos ve sabotajlarla dolu bir tarih ta\u015f\u0131d\u0131\u011f\u0131n\u0131, b\u00f6lge ve d\u00fcnyan\u0131n varl\u0131\u011f\u0131yla istikrarl\u0131 olmas\u0131n\u0131n m\u00fcmk\u00fcn olmad\u0131\u011f\u0131na, bize d\u00fc\u015fen g\u00f6revin g\u00fc\u00e7l\u00fc olmam\u0131z, savunma ve zaferi temin edecek kar\u015f\u0131 koyma dengesini sa\u011flamak i\u00e7in haz\u0131rl\u0131k olmam\u0131z gerekti\u011fine i\u015faret etti.<\/p>\n<p style=\"text-align: justify;\">Filistin halk\u0131n\u0131n ayaklanmas\u0131n\u0131n 33. y\u0131ld\u00f6n\u00fcm\u00fc m\u00fcnasebetiyle d\u00fczenlenen konferansta Kas\u0131m, \u015fehitlerin kan\u0131yla beslenen Filistin&#8217;in direni\u015f g\u00fcc\u00fcyle zafer kazanaca\u011f\u0131n\u0131 vurgulad\u0131.<\/p>\n","protected":false},"excerpt":{"rendered":"<p>BEYRUT &#8211; Alt\u0131nc\u0131 Uluslararas\u0131 Direni\u015f Alimleri Birli\u011fi Konferans\u0131&#8217;n\u0131n faaliyetleri bug\u00fcn L\u00fcbnan&#8217;\u0131n ba\u015fkenti Beyrut&#8217;ta &#8220;Normalle\u015fme planlar\u0131 ve tasfiye projeleri kar\u015f\u0131s\u0131nda ulusun ayaklanmas\u0131&#8221; ba\u015fl\u0131\u011f\u0131 alt\u0131nda ba\u015flad\u0131. Cumhuriyet M\u00fcft\u00fcs\u00fc Dr. Ahmad Bedreddin Hassun, video konferans s\u0131ras\u0131nda El Aksa&#8217;n\u0131n sald\u0131r\u0131ya maruz kal\u0131rken, Arap topraklar\u0131n\u0131n hala gasp edildi\u011fi, y\u00fczlerce \u00f6zg\u00fcr ki\u015finin i\u015fgal hapishanelerinde oldu\u011fu s\u0131rada baz\u0131lar\u0131n\u0131n Siyonist d\u00fc\u015fmanla normalle\u015fmeye ko\u015fmas\u0131n\u0131 &hellip;<\/p>\n","protected":false},"author":1,"featured_media":223899,"comment_status":"closed","ping_status":"closed","sticky":false,"template":"","format":"standard","meta":{"footnotes":""},"categories":[458,459,17988],"tags":[],"class_list":["post-223898","post","type-post","status-publish","format-standard","has-post-thumbnail","","category-dunya1","category-haberler-arap-uluslararasi-politika","category-son-haberler"],"_links":{"self":[{"href":"https:\/\/archive.sana.sy\/tr\/index.php?rest_route=\/wp\/v2\/posts\/223898","targetHints":{"allow":["GET"]}}],"collection":[{"href":"https:\/\/archive.sana.sy\/tr\/index.php?rest_route=\/wp\/v2\/posts"}],"about":[{"href":"https:\/\/archive.sana.sy\/tr\/index.php?rest_route=\/wp\/v2\/types\/post"}],"author":[{"embeddable":true,"href":"https:\/\/archive.sana.sy\/tr\/index.php?rest_route=\/wp\/v2\/users\/1"}],"replies":[{"embeddable":true,"href":"https:\/\/archive.sana.sy\/tr\/index.php?rest_route=%2Fwp%2Fv2%2Fcomments&post=223898"}],"version-history":[{"count":0,"href":"https:\/\/archive.sana.sy\/tr\/index.php?rest_route=\/wp\/v2\/posts\/223898\/revisions"}],"wp:featuredmedia":[{"embeddable":true,"href":"https:\/\/archive.sana.sy\/tr\/index.php?rest_route=\/wp\/v2\/media\/223899"}],"wp:attachment":[{"href":"https:\/\/archive.sana.sy\/tr\/index.php?rest_route=%2Fwp%2Fv2%2Fmedia&parent=223898"}],"wp:term":[{"taxonomy":"category","embeddable":true,"href":"https:\/\/archive.sana.sy\/tr\/index.php?rest_route=%2Fwp%2Fv2%2Fcategories&post=223898"},{"taxonomy":"post_tag","embeddable":true,"href":"https:\/\/archive.sana.sy\/tr\/index.php?rest_route=%2Fwp%2Fv2%2Ftags&post=223898"}],"curies":[{"name":"wp","href":"https:\/\/api.w.org\/{rel}","templated":true}]}}