{"id":223911,"date":"2020-12-08T22:00:21","date_gmt":"2020-12-08T20:00:21","guid":{"rendered":"http:\/\/107.6.182.27\/tr\/?p=223911"},"modified":"2020-12-10T08:14:25","modified_gmt":"2020-12-10T06:14:25","slug":"abdullehyan-iran-terore-karsi-savasinda-suriyeyi-desteklemeye-devam-edecek","status":"publish","type":"post","link":"https:\/\/archive.sana.sy\/tr\/?p=223911","title":{"rendered":"Abd\u00fcllehyan : \u0130ran, Ter\u00f6re Kar\u015f\u0131 Sava\u015f\u0131nda Suriye&#8217;yi Desteklemeye Devam Edecek"},"content":{"rendered":"<p style=\"text-align: justify;\">Tahran &#8211; \u0130ran Parlamentosu Ba\u015fkan Yard\u0131mc\u0131s\u0131 H\u00fcseyin Emir Abd\u00fcllehyan, Suriye&#8217;nin ter\u00f6r i\u011fren\u00e7liklerinden ar\u0131nana ve istikrar\u0131n yeniden sa\u011flanana kadar \u00fclkesinin ter\u00f6re kar\u015f\u0131 sava\u015f\u0131nda Suriye&#8217;ye verdi\u011fi deste\u011fi yineleyerek, ayn\u0131 zamanda \u0130ran ile Suriye aras\u0131ndaki ili\u015fkilerin stratejik ve karde\u015f\u00e7e oldu\u011funu vurgulad\u0131.<\/p>\n<p style=\"text-align: justify;\">Abd\u00fcllehyan, &#8220;\u0130ki \u00fclke aras\u0131ndaki ili\u015fkiler \u00f6nceliklidir, \u0130ran \u0130slam Cumhuriyeti, Suriye i\u00e7in b\u00f6lgede \u00f6nemli ve stratejik bir ortakt\u0131r&#8221; diyen Abd\u00fcllehyan, D\u0131\u015fi\u015fleri ve Gurbet\u00e7iler Bakan\u0131 Dr. Faysal Mikdad&#8217;\u0131n Tahran&#8217;a yapt\u0131\u011f\u0131 ziyaretin, \u0130ran ile Suriye aras\u0131ndaki stratejik ili\u015fkinin ger\u00e7ek bir \u00e7evirisi oldu\u011funa dikkat \u00e7ekti.<\/p>\n<p style=\"text-align: justify;\">Ba\u015fka bir ba\u011flamda Abd\u00fcllehyan, &#8220;Fakhrizade suikast\u0131n\u0131n baz\u0131 faillerinin g\u00fcvenlik te\u015fkilatlar\u0131 taraf\u0131ndan tespit edildi\u011fini, bu su\u00e7un infaz emrini verenlerin tespit edilip tutukland\u0131\u011f\u0131n\u0131 ve eylemlerinden pi\u015fmanl\u0131k duymalar\u0131na neden olacak sert bir cevap alacaklar\u0131n\u0131&#8221; ilan etti.<\/p>\n<p style=\"text-align: justify;\">Abd\u00fcllehyan, bu a\u011fa m\u00fcdahale etmek i\u00e7in al\u0131nacak istihbarat ve g\u00fcvenlik operasyonunun detaylar\u0131n\u0131n ilgili g\u00fcvenlik birimleri taraf\u0131ndan zaman\u0131nda duyurulaca\u011f\u0131na i\u015faret etti.<\/p>\n","protected":false},"excerpt":{"rendered":"<p>Tahran &#8211; \u0130ran Parlamentosu Ba\u015fkan Yard\u0131mc\u0131s\u0131 H\u00fcseyin Emir Abd\u00fcllehyan, Suriye&#8217;nin ter\u00f6r i\u011fren\u00e7liklerinden ar\u0131nana ve istikrar\u0131n yeniden sa\u011flanana kadar \u00fclkesinin ter\u00f6re kar\u015f\u0131 sava\u015f\u0131nda Suriye&#8217;ye verdi\u011fi deste\u011fi yineleyerek, ayn\u0131 zamanda \u0130ran ile Suriye aras\u0131ndaki ili\u015fkilerin stratejik ve karde\u015f\u00e7e oldu\u011funu vurgulad\u0131. Abd\u00fcllehyan, &#8220;\u0130ki \u00fclke aras\u0131ndaki ili\u015fkiler \u00f6nceliklidir, \u0130ran \u0130slam Cumhuriyeti, Suriye i\u00e7in b\u00f6lgede \u00f6nemli ve stratejik bir ortakt\u0131r&#8221; &hellip;<\/p>\n","protected":false},"author":1,"featured_media":223912,"comment_status":"closed","ping_status":"closed","sticky":false,"template":"","format":"standard","meta":{"footnotes":""},"categories":[458,459,17988],"tags":[],"class_list":["post-223911","post","type-post","status-publish","format-standard","has-post-thumbnail","","category-dunya1","category-haberler-arap-uluslararasi-politika","category-son-haberler"],"_links":{"self":[{"href":"https:\/\/archive.sana.sy\/tr\/index.php?rest_route=\/wp\/v2\/posts\/223911","targetHints":{"allow":["GET"]}}],"collection":[{"href":"https:\/\/archive.sana.sy\/tr\/index.php?rest_route=\/wp\/v2\/posts"}],"about":[{"href":"https:\/\/archive.sana.sy\/tr\/index.php?rest_route=\/wp\/v2\/types\/post"}],"author":[{"embeddable":true,"href":"https:\/\/archive.sana.sy\/tr\/index.php?rest_route=\/wp\/v2\/users\/1"}],"replies":[{"embeddable":true,"href":"https:\/\/archive.sana.sy\/tr\/index.php?rest_route=%2Fwp%2Fv2%2Fcomments&post=223911"}],"version-history":[{"count":0,"href":"https:\/\/archive.sana.sy\/tr\/index.php?rest_route=\/wp\/v2\/posts\/223911\/revisions"}],"wp:featuredmedia":[{"embeddable":true,"href":"https:\/\/archive.sana.sy\/tr\/index.php?rest_route=\/wp\/v2\/media\/223912"}],"wp:attachment":[{"href":"https:\/\/archive.sana.sy\/tr\/index.php?rest_route=%2Fwp%2Fv2%2Fmedia&parent=223911"}],"wp:term":[{"taxonomy":"category","embeddable":true,"href":"https:\/\/archive.sana.sy\/tr\/index.php?rest_route=%2Fwp%2Fv2%2Fcategories&post=223911"},{"taxonomy":"post_tag","embeddable":true,"href":"https:\/\/archive.sana.sy\/tr\/index.php?rest_route=%2Fwp%2Fv2%2Ftags&post=223911"}],"curies":[{"name":"wp","href":"https:\/\/api.w.org\/{rel}","templated":true}]}}