{"id":22408,"date":"2015-01-31T13:53:00","date_gmt":"2015-01-31T11:53:00","guid":{"rendered":"http:\/\/www.sana.sy\/tr\/?p=22408"},"modified":"2015-01-31T13:55:54","modified_gmt":"2015-01-31T11:55:54","slug":"bu-saldirilar-sadece-ve-sadece-siyonist-israil-cikarlarina-hizmet-ediyor","status":"publish","type":"post","link":"https:\/\/archive.sana.sy\/tr\/?p=22408","title":{"rendered":"Bu Sald\u0131r\u0131lar Sadece ve Sadece Siyonist \u0130srail \u00c7\u0131karlar\u0131na Hizmet Ediyor"},"content":{"rendered":"<p>TAHRAN \u2013 \u0130ran Genelkurmay Ba\u015fkan\u0131 Hasan Feyruz Abadi; M\u0131s\u0131r\u2019\u0131n Sina B\u00f6lgesinde M\u0131s\u0131r ordu mevkilerine d\u00fczenlenen ter\u00f6r sald\u0131r\u0131lar\u0131n\u0131n olduk\u00e7a \u015f\u00fcpheli oldu\u011funa dikkat \u00e7ekerken, bu sald\u0131r\u0131lar\u0131n sadece ve sadece i\u015fgalci siyonist \u0130srail&#8217;in \u00e7\u0131karlar\u0131na hizmet etti\u011fine vurgu yapt\u0131.<\/p>\n<p>Feyruz Abadi bug\u00fcn yapt\u0131\u011f\u0131 bas\u0131n a\u00e7\u0131klamalar\u0131nda; M\u0131s\u0131r ordusuna sald\u0131ran ve askerleri \u00f6ld\u00fcrenlerin kim olurlarsa olsun kas\u0131tl\u0131 yada kas\u0131ts\u0131z siyonist \u0130srail&#8217;e hizmet ettiklerinin alt\u0131n\u0131 \u00e7izdi.<\/p>\n<p>Siyonistlere yak\u0131n Sina B\u00f6lgesinde bulunan M\u0131s\u0131r ordu birliklerinin M\u0131s\u0131r topraklar\u0131n\u0131 \u0130srail\u2019den koruma ama\u00e7l\u0131 olarak orada bulunduklar\u0131na i\u015faret eden Feyruz Abazi; bu sald\u0131r\u0131lar\u0131n faillerinin cehaletini yans\u0131tt\u0131\u011f\u0131n\u0131 s\u00f6yledi.<\/p>\n<p>Bu arada Per\u015fembe ak\u015fam\u0131 Sina B\u00f6lgesinde M\u0131s\u0131r ordusuna ait mevkiler bir dizi bombal\u0131 ara\u00e7 ve roketlerle hedef al\u0131nm\u0131\u015f, onlarca askerin \u015fehit ve yaral\u0131 d\u00fc\u015fmelerine yol a\u00e7m\u0131\u015ft\u0131.<\/p>\n<p>A.A.<\/p>\n","protected":false},"excerpt":{"rendered":"<p>TAHRAN \u2013 \u0130ran Genelkurmay Ba\u015fkan\u0131 Hasan Feyruz Abadi; M\u0131s\u0131r\u2019\u0131n Sina B\u00f6lgesinde M\u0131s\u0131r ordu mevkilerine d\u00fczenlenen ter\u00f6r sald\u0131r\u0131lar\u0131n\u0131n olduk\u00e7a \u015f\u00fcpheli oldu\u011funa dikkat \u00e7ekerken, bu sald\u0131r\u0131lar\u0131n sadece ve sadece i\u015fgalci siyonist \u0130srail&#8217;in \u00e7\u0131karlar\u0131na hizmet etti\u011fine vurgu yapt\u0131. Feyruz Abadi bug\u00fcn yapt\u0131\u011f\u0131 bas\u0131n a\u00e7\u0131klamalar\u0131nda; M\u0131s\u0131r ordusuna sald\u0131ran ve askerleri \u00f6ld\u00fcrenlerin kim olurlarsa olsun kas\u0131tl\u0131 yada kas\u0131ts\u0131z siyonist \u0130srail&#8217;e &hellip;<\/p>\n","protected":false},"author":1,"featured_media":22409,"comment_status":"closed","ping_status":"closed","sticky":false,"template":"","format":"standard","meta":{"footnotes":""},"categories":[458,459,447],"tags":[11025,11026],"class_list":["post-22408","post","type-post","status-publish","format-standard","has-post-thumbnail","","category-dunya1","category-haberler-arap-uluslararasi-politika","category-politika","tag-iran-genelkurmay-baskani-hasan-feyruz-abadi","tag-misirin-sina-bolgesinde-misir-ordu-mevkilerine-duzenlenen-teror-saldirilari"],"_links":{"self":[{"href":"https:\/\/archive.sana.sy\/tr\/index.php?rest_route=\/wp\/v2\/posts\/22408","targetHints":{"allow":["GET"]}}],"collection":[{"href":"https:\/\/archive.sana.sy\/tr\/index.php?rest_route=\/wp\/v2\/posts"}],"about":[{"href":"https:\/\/archive.sana.sy\/tr\/index.php?rest_route=\/wp\/v2\/types\/post"}],"author":[{"embeddable":true,"href":"https:\/\/archive.sana.sy\/tr\/index.php?rest_route=\/wp\/v2\/users\/1"}],"replies":[{"embeddable":true,"href":"https:\/\/archive.sana.sy\/tr\/index.php?rest_route=%2Fwp%2Fv2%2Fcomments&post=22408"}],"version-history":[{"count":0,"href":"https:\/\/archive.sana.sy\/tr\/index.php?rest_route=\/wp\/v2\/posts\/22408\/revisions"}],"wp:featuredmedia":[{"embeddable":true,"href":"https:\/\/archive.sana.sy\/tr\/index.php?rest_route=\/wp\/v2\/media\/22409"}],"wp:attachment":[{"href":"https:\/\/archive.sana.sy\/tr\/index.php?rest_route=%2Fwp%2Fv2%2Fmedia&parent=22408"}],"wp:term":[{"taxonomy":"category","embeddable":true,"href":"https:\/\/archive.sana.sy\/tr\/index.php?rest_route=%2Fwp%2Fv2%2Fcategories&post=22408"},{"taxonomy":"post_tag","embeddable":true,"href":"https:\/\/archive.sana.sy\/tr\/index.php?rest_route=%2Fwp%2Fv2%2Ftags&post=22408"}],"curies":[{"name":"wp","href":"https:\/\/api.w.org\/{rel}","templated":true}]}}