{"id":224114,"date":"2020-12-11T10:55:04","date_gmt":"2020-12-11T08:55:04","guid":{"rendered":"http:\/\/107.6.182.27\/tr\/?p=224114"},"modified":"2020-12-12T08:45:41","modified_gmt":"2020-12-12T06:45:41","slug":"avrupa-birligi-turk-rejimine-yaptirimlar-uygulamaya-karar-verdi","status":"publish","type":"post","link":"https:\/\/archive.sana.sy\/tr\/?p=224114","title":{"rendered":"Avrupa Birli\u011fi T\u00fcrk Rejimine Yapt\u0131r\u0131mlar Uygulamaya Karar Verdi"},"content":{"rendered":"<p>BR\u00dcKSEL \u2013 Avrupa Birli\u011fi&#8217;ne \u00fcye devletlerin liderleri ve h\u00fck\u00fcmet ba\u015fkanlar\u0131, Br\u00fcksel&#8217;de yapt\u0131klar\u0131 toplant\u0131da, Do\u011fu Akdeniz&#8217;deki &#8220;yasad\u0131\u015f\u0131 ve sald\u0131rgan&#8221; ihlalleri nedeniyle T\u00fcrk rejimine yapt\u0131r\u0131mlar uygulamaya karar verdiler.<\/p>\n<p>France-Presse Ajans\u0131 bir diplomattan naklen, onaylanan yapt\u0131r\u0131mlar\u0131n bireysel olaca\u011f\u0131n\u0131 ve T\u00fcrkiye&#8217;nin \u00e7al\u0131\u015fmalar\u0131na devam etmesi halinde de ek yapt\u0131r\u0131mlar\u0131n da al\u0131nabilece\u011fini belirtti.<\/p>\n<p>Diplomat, Br\u00fcksel&#8217;de 27 \u00fclkenin kat\u0131ld\u0131\u011f\u0131 zirvede kabul edilen tavsiyelere g\u00f6re, isim listesinin \u00f6n\u00fcm\u00fczdeki haftalarda haz\u0131rlanaca\u011f\u0131n\u0131 ve \u00fcye \u00fclkelerin onay\u0131na sunulaca\u011f\u0131n\u0131 belirtti.<\/p>\n<p>Kaynak, Avrupa Birli\u011fi liderlerinin Birlik D\u0131\u015fi\u015fleri Bakan\u0131 Josep Borrell&#8217;e durumun geli\u015fimi hakk\u0131nda Mart 2021&#8217;e kadar kendilerine bir rapor sunma ve gerekirse yapt\u0131r\u0131mlar\u0131n yeni \u015fahsiyetlerin veya \u015firketlerin adlar\u0131n\u0131 i\u00e7erecek \u015fekilde geni\u015fletilmesine teklif sunma yetkisi verdi\u011fini belirtti.<\/p>\n<p>\u00c7eviri: M.Y<\/p>\n","protected":false},"excerpt":{"rendered":"<p>BR\u00dcKSEL \u2013 Avrupa Birli\u011fi&#8217;ne \u00fcye devletlerin liderleri ve h\u00fck\u00fcmet ba\u015fkanlar\u0131, Br\u00fcksel&#8217;de yapt\u0131klar\u0131 toplant\u0131da, Do\u011fu Akdeniz&#8217;deki &#8220;yasad\u0131\u015f\u0131 ve sald\u0131rgan&#8221; ihlalleri nedeniyle T\u00fcrk rejimine yapt\u0131r\u0131mlar uygulamaya karar verdiler. France-Presse Ajans\u0131 bir diplomattan naklen, onaylanan yapt\u0131r\u0131mlar\u0131n bireysel olaca\u011f\u0131n\u0131 ve T\u00fcrkiye&#8217;nin \u00e7al\u0131\u015fmalar\u0131na devam etmesi halinde de ek yapt\u0131r\u0131mlar\u0131n da al\u0131nabilece\u011fini belirtti. Diplomat, Br\u00fcksel&#8217;de 27 \u00fclkenin kat\u0131ld\u0131\u011f\u0131 zirvede kabul edilen &hellip;<\/p>\n","protected":false},"author":36,"featured_media":224115,"comment_status":"closed","ping_status":"closed","sticky":false,"template":"","format":"standard","meta":{"footnotes":""},"categories":[458,459,17988],"tags":[],"class_list":["post-224114","post","type-post","status-publish","format-standard","has-post-thumbnail","","category-dunya1","category-haberler-arap-uluslararasi-politika","category-son-haberler"],"_links":{"self":[{"href":"https:\/\/archive.sana.sy\/tr\/index.php?rest_route=\/wp\/v2\/posts\/224114","targetHints":{"allow":["GET"]}}],"collection":[{"href":"https:\/\/archive.sana.sy\/tr\/index.php?rest_route=\/wp\/v2\/posts"}],"about":[{"href":"https:\/\/archive.sana.sy\/tr\/index.php?rest_route=\/wp\/v2\/types\/post"}],"author":[{"embeddable":true,"href":"https:\/\/archive.sana.sy\/tr\/index.php?rest_route=\/wp\/v2\/users\/36"}],"replies":[{"embeddable":true,"href":"https:\/\/archive.sana.sy\/tr\/index.php?rest_route=%2Fwp%2Fv2%2Fcomments&post=224114"}],"version-history":[{"count":0,"href":"https:\/\/archive.sana.sy\/tr\/index.php?rest_route=\/wp\/v2\/posts\/224114\/revisions"}],"wp:featuredmedia":[{"embeddable":true,"href":"https:\/\/archive.sana.sy\/tr\/index.php?rest_route=\/wp\/v2\/media\/224115"}],"wp:attachment":[{"href":"https:\/\/archive.sana.sy\/tr\/index.php?rest_route=%2Fwp%2Fv2%2Fmedia&parent=224114"}],"wp:term":[{"taxonomy":"category","embeddable":true,"href":"https:\/\/archive.sana.sy\/tr\/index.php?rest_route=%2Fwp%2Fv2%2Fcategories&post=224114"},{"taxonomy":"post_tag","embeddable":true,"href":"https:\/\/archive.sana.sy\/tr\/index.php?rest_route=%2Fwp%2Fv2%2Ftags&post=224114"}],"curies":[{"name":"wp","href":"https:\/\/api.w.org\/{rel}","templated":true}]}}