{"id":224117,"date":"2020-12-11T13:08:12","date_gmt":"2020-12-11T11:08:12","guid":{"rendered":"http:\/\/107.6.182.27\/tr\/?p=224117"},"modified":"2020-12-11T13:08:12","modified_gmt":"2020-12-11T11:08:12","slug":"rus-medyasi-rusyanin-karacay-cerkes-cumhuriyetindeki-federal-guvenlik-binasi-onunde-duzenlenen-intihar-saldirisi-sonucu-cok-sayida-kisi-yaralandi","status":"publish","type":"post","link":"https:\/\/archive.sana.sy\/tr\/?p=224117","title":{"rendered":"Rus Medyas\u0131: Rusya&#8217;n\u0131n Kara\u00e7ay-\u00c7erkes Cumhuriyeti&#8217;ndeki Federal G\u00fcvenlik binas\u0131 \u00f6n\u00fcnde d\u00fczenlenen intihar sald\u0131r\u0131s\u0131 sonucu \u00e7ok say\u0131da ki\u015fi yaraland\u0131."},"content":{"rendered":"<p>Rus Medyas\u0131: Rusya&#8217;n\u0131n Kara\u00e7ay-\u00c7erkes Cumhuriyeti&#8217;ndeki Federal G\u00fcvenlik binas\u0131 \u00f6n\u00fcnde d\u00fczenlenen intihar sald\u0131r\u0131s\u0131 sonucu \u00e7ok say\u0131da ki\u015fi yaraland\u0131.<\/p>\n","protected":false},"excerpt":{"rendered":"<p>Rus Medyas\u0131: Rusya&#8217;n\u0131n Kara\u00e7ay-\u00c7erkes Cumhuriyeti&#8217;ndeki Federal G\u00fcvenlik binas\u0131 \u00f6n\u00fcnde d\u00fczenlenen intihar sald\u0131r\u0131s\u0131 sonucu \u00e7ok say\u0131da ki\u015fi yaraland\u0131.<\/p>\n","protected":false},"author":36,"featured_media":0,"comment_status":"closed","ping_status":"closed","sticky":false,"template":"","format":"standard","meta":{"footnotes":""},"categories":[17991],"tags":[],"class_list":["post-224117","post","type-post","status-publish","format-standard","","category-son-dakika"],"_links":{"self":[{"href":"https:\/\/archive.sana.sy\/tr\/index.php?rest_route=\/wp\/v2\/posts\/224117","targetHints":{"allow":["GET"]}}],"collection":[{"href":"https:\/\/archive.sana.sy\/tr\/index.php?rest_route=\/wp\/v2\/posts"}],"about":[{"href":"https:\/\/archive.sana.sy\/tr\/index.php?rest_route=\/wp\/v2\/types\/post"}],"author":[{"embeddable":true,"href":"https:\/\/archive.sana.sy\/tr\/index.php?rest_route=\/wp\/v2\/users\/36"}],"replies":[{"embeddable":true,"href":"https:\/\/archive.sana.sy\/tr\/index.php?rest_route=%2Fwp%2Fv2%2Fcomments&post=224117"}],"version-history":[{"count":0,"href":"https:\/\/archive.sana.sy\/tr\/index.php?rest_route=\/wp\/v2\/posts\/224117\/revisions"}],"wp:attachment":[{"href":"https:\/\/archive.sana.sy\/tr\/index.php?rest_route=%2Fwp%2Fv2%2Fmedia&parent=224117"}],"wp:term":[{"taxonomy":"category","embeddable":true,"href":"https:\/\/archive.sana.sy\/tr\/index.php?rest_route=%2Fwp%2Fv2%2Fcategories&post=224117"},{"taxonomy":"post_tag","embeddable":true,"href":"https:\/\/archive.sana.sy\/tr\/index.php?rest_route=%2Fwp%2Fv2%2Ftags&post=224117"}],"curies":[{"name":"wp","href":"https:\/\/api.w.org\/{rel}","templated":true}]}}