{"id":224120,"date":"2020-12-11T14:08:22","date_gmt":"2020-12-11T12:08:22","guid":{"rendered":"http:\/\/107.6.182.27\/tr\/?p=224120"},"modified":"2020-12-12T08:45:44","modified_gmt":"2020-12-12T06:45:44","slug":"224120","status":"publish","type":"post","link":"https:\/\/archive.sana.sy\/tr\/?p=224120","title":{"rendered":"Erdo\u011fan&#8217;\u0131n Kuzey Suriye&#8217;deki Ter\u00f6ristlerinden Paral\u0131 Askerler Karaba\u011f Sava\u015flar\u0131na Kat\u0131ld\u0131klar\u0131n\u0131 \u0130tiraf Etti"},"content":{"rendered":"<p>LONDON \u2013 BBC raporu, Recep Tayyip Erdo\u011fan rejiminin Da\u011fl\u0131k Karaba\u011f&#8217;daki \u00e7at\u0131\u015fma b\u00f6lgesine kas\u0131tl\u0131 olarak g\u00f6nderdi\u011fi \u00e7etelerin &#8220;Ermenistan s\u0131n\u0131r\u0131ndaki kontrol noktalar\u0131nda konu\u015fland\u0131r\u0131ld\u0131klar\u0131n\u0131&#8221; iddia ederek Azerbaycan&#8217;a gitmek i\u00e7in para ald\u0131klar\u0131n\u0131 ve daha sonra kendilerini Da\u011fl\u0131k Karaba\u011f&#8217;daki \u00e7at\u0131\u015fmada \u00f6n saflarda bulduklar\u0131n\u0131 ortaya \u00e7\u0131kard\u0131.<\/p>\n<p>Erdo\u011fan rejimi taraf\u0131ndan Suriye&#8217;den b\u00f6lgeye g\u00f6nderilen d\u00f6rt paral\u0131 askerle BBC\u2019in yapt\u0131\u011f\u0131 r\u00f6portajda; ge\u00e7ti\u011fimiz A\u011fustos ay\u0131nda Suriye&#8217;nin kuzeyinde ter\u00f6ristler ve paral\u0131 askerler aras\u0131nda T\u00fcrkiye yanl\u0131s\u0131 gruplar\u0131n &#8220;ayl\u0131k maa\u015f olarak iki bin dolarla, Azerbaycan&#8217;da askeri kontrol noktalar\u0131nda i\u015fleri te\u015fvik ediliyor&#8221; s\u00f6ylentilerin yay\u0131ld\u0131klar\u0131n\u0131 ortaya koydular.<\/p>\n<p>BBC&#8217;e g\u00f6re 1.500 ile 2.000 aras\u0131nda paral\u0131 asker, isimlerini T\u00fcrk destekli gruplara kaydettiripT\u00fcrk askeri nakliye u\u00e7a\u011f\u0131yla T\u00fcrkiye \u00fczerinden Azerbaycan&#8217;a gitti. Ancak askere al\u0131nd\u0131klar\u0131 ve Da\u011fl\u0131k Karaba\u011f&#8217;a g\u00f6t\u00fcr\u00fcld\u00fckleri ard\u0131ndan kontol noktalar\u0131nda durmak de\u011fil sava\u015f cephelerine gitme emri ald\u0131. \u0130\u015f, hayal ettikleri gibi de\u011fil ortaya \u00e7\u0131kt\u0131.<\/p>\n<p>Daha \u00f6nce bas\u0131nda \u00e7\u0131kan bir\u00e7ok haberlerde, T\u00fcrk rejiminin ba\u015fkan\u0131n\u0131n Suriye&#8217;nin kuzeyinden Libya&#8217;ya T\u00fcrk askerleri e\u015fli\u011finde ve Katar \u015eeyhli\u011fi&#8217;nin el Vefak h\u00fck\u00fcmet milislerini desteklemek i\u00e7in destek ve finansmanla binlerce paral\u0131 asker g\u00f6nderdi\u011fini belgelendi.<\/p>\n<p>\u00c7eviri: P.M.<\/p>\n<p>&nbsp;<\/p>\n","protected":false},"excerpt":{"rendered":"<p>LONDON \u2013 BBC raporu, Recep Tayyip Erdo\u011fan rejiminin Da\u011fl\u0131k Karaba\u011f&#8217;daki \u00e7at\u0131\u015fma b\u00f6lgesine kas\u0131tl\u0131 olarak g\u00f6nderdi\u011fi \u00e7etelerin &#8220;Ermenistan s\u0131n\u0131r\u0131ndaki kontrol noktalar\u0131nda konu\u015fland\u0131r\u0131ld\u0131klar\u0131n\u0131&#8221; iddia ederek Azerbaycan&#8217;a gitmek i\u00e7in para ald\u0131klar\u0131n\u0131 ve daha sonra kendilerini Da\u011fl\u0131k Karaba\u011f&#8217;daki \u00e7at\u0131\u015fmada \u00f6n saflarda bulduklar\u0131n\u0131 ortaya \u00e7\u0131kard\u0131. Erdo\u011fan rejimi taraf\u0131ndan Suriye&#8217;den b\u00f6lgeye g\u00f6nderilen d\u00f6rt paral\u0131 askerle BBC\u2019in yapt\u0131\u011f\u0131 r\u00f6portajda; ge\u00e7ti\u011fimiz A\u011fustos ay\u0131nda &hellip;<\/p>\n","protected":false},"author":1,"featured_media":224124,"comment_status":"closed","ping_status":"closed","sticky":false,"template":"","format":"standard","meta":{"footnotes":""},"categories":[556,458,559,459,17988],"tags":[],"class_list":["post-224120","post","type-post","status-publish","format-standard","has-post-thumbnail","","category-basin","category-dunya1","category-dunya-basini","category-haberler-arap-uluslararasi-politika","category-son-haberler"],"_links":{"self":[{"href":"https:\/\/archive.sana.sy\/tr\/index.php?rest_route=\/wp\/v2\/posts\/224120","targetHints":{"allow":["GET"]}}],"collection":[{"href":"https:\/\/archive.sana.sy\/tr\/index.php?rest_route=\/wp\/v2\/posts"}],"about":[{"href":"https:\/\/archive.sana.sy\/tr\/index.php?rest_route=\/wp\/v2\/types\/post"}],"author":[{"embeddable":true,"href":"https:\/\/archive.sana.sy\/tr\/index.php?rest_route=\/wp\/v2\/users\/1"}],"replies":[{"embeddable":true,"href":"https:\/\/archive.sana.sy\/tr\/index.php?rest_route=%2Fwp%2Fv2%2Fcomments&post=224120"}],"version-history":[{"count":0,"href":"https:\/\/archive.sana.sy\/tr\/index.php?rest_route=\/wp\/v2\/posts\/224120\/revisions"}],"wp:featuredmedia":[{"embeddable":true,"href":"https:\/\/archive.sana.sy\/tr\/index.php?rest_route=\/wp\/v2\/media\/224124"}],"wp:attachment":[{"href":"https:\/\/archive.sana.sy\/tr\/index.php?rest_route=%2Fwp%2Fv2%2Fmedia&parent=224120"}],"wp:term":[{"taxonomy":"category","embeddable":true,"href":"https:\/\/archive.sana.sy\/tr\/index.php?rest_route=%2Fwp%2Fv2%2Fcategories&post=224120"},{"taxonomy":"post_tag","embeddable":true,"href":"https:\/\/archive.sana.sy\/tr\/index.php?rest_route=%2Fwp%2Fv2%2Ftags&post=224120"}],"curies":[{"name":"wp","href":"https:\/\/api.w.org\/{rel}","templated":true}]}}