{"id":224148,"date":"2020-12-11T17:14:37","date_gmt":"2020-12-11T15:14:37","guid":{"rendered":"http:\/\/107.6.182.27\/tr\/?p=224148"},"modified":"2020-12-12T08:48:39","modified_gmt":"2020-12-12T06:48:39","slug":"koronaya-karsi-koyma-kapsaminda-deyrezzor-universite-ve-fakultelerinde-dezenfekte-kampanyasi","status":"publish","type":"post","link":"https:\/\/archive.sana.sy\/tr\/?p=224148","title":{"rendered":"Koronaya kar\u015f\u0131 koyma kapsam\u0131nda Deyrezzor \u00dcniversite\u00a0 ve Fak\u00fcltelerinde Dezenfekte Kampanyas\u0131"},"content":{"rendered":"<p>DEYREZZOR \u2013 Deyrezzor ili Korona vir\u00fcse kar\u015f\u0131 koyma prosed\u00fcrlerini s\u00fcrd\u00fcr\u00fcrken Suriye Arap K\u0131z\u0131lay \u015fubesi ile i\u015f birlik yaparak Deyrezzor F\u0131rat \u00fcniversitesi fak\u00fclteleri ve okullar\u0131n\u0131 dezenfekte kampanyas\u0131 d\u00fczenlemi\u015ftir.<\/p>\n<p>Deyrezzor il belediye y\u00fcr\u00fctme \u00fcyesi Rebi El Urfi SANA\u2019ya a\u00e7\u0131klamas\u0131nda, b\u00fct\u00fcn devlet ve kamu kurumlar\u0131 d\u00f6nemsel \u015fekilde dezenfekte plan\u0131n\u0131n koyuldu\u011funu a\u00e7\u0131klad\u0131.<\/p>\n<p>K\u0131z\u0131lay \u015fubesinde su y\u00f6netim koordinat\u00f6r\u00fc M\u00fch. Mohamad Ziyab El Ali, k\u0131z\u0131lay il \u015fubesinin timleri valilik, F\u0131rat \u00dcniversitesi ve E\u011fitim M\u00fcd\u00fcrl\u00fc\u011f\u00fc ile koordinasyon i\u00e7inde bir s\u00fcr\u00fc aktivite yapmaya \u00e7al\u0131\u015fmakta oldu\u011funu belirtti.<\/p>\n<p>Aktiviteler ise, pandemi tan\u0131mas\u0131, ounla tav\u0131r almas\u0131 ve ondan kurtulma tedbirleri hakk\u0131nda bilin\u00e7lendirme aktivitelerdir.<\/p>\n","protected":false},"excerpt":{"rendered":"<p>DEYREZZOR \u2013 Deyrezzor ili Korona vir\u00fcse kar\u015f\u0131 koyma prosed\u00fcrlerini s\u00fcrd\u00fcr\u00fcrken Suriye Arap K\u0131z\u0131lay \u015fubesi ile i\u015f birlik yaparak Deyrezzor F\u0131rat \u00fcniversitesi fak\u00fclteleri ve okullar\u0131n\u0131 dezenfekte kampanyas\u0131 d\u00fczenlemi\u015ftir. Deyrezzor il belediye y\u00fcr\u00fctme \u00fcyesi Rebi El Urfi SANA\u2019ya a\u00e7\u0131klamas\u0131nda, b\u00fct\u00fcn devlet ve kamu kurumlar\u0131 d\u00f6nemsel \u015fekilde dezenfekte plan\u0131n\u0131n koyuldu\u011funu a\u00e7\u0131klad\u0131. K\u0131z\u0131lay \u015fubesinde su y\u00f6netim koordinat\u00f6r\u00fc M\u00fch. Mohamad &hellip;<\/p>\n","protected":false},"author":1,"featured_media":224149,"comment_status":"closed","ping_status":"closed","sticky":false,"template":"","format":"standard","meta":{"footnotes":""},"categories":[541,479,17988,538,478],"tags":[],"class_list":["post-224148","post","type-post","status-publish","format-standard","has-post-thumbnail","","category-haberler","category-haberler-yerel","category-son-haberler","category-yasam","category-yerel"],"_links":{"self":[{"href":"https:\/\/archive.sana.sy\/tr\/index.php?rest_route=\/wp\/v2\/posts\/224148","targetHints":{"allow":["GET"]}}],"collection":[{"href":"https:\/\/archive.sana.sy\/tr\/index.php?rest_route=\/wp\/v2\/posts"}],"about":[{"href":"https:\/\/archive.sana.sy\/tr\/index.php?rest_route=\/wp\/v2\/types\/post"}],"author":[{"embeddable":true,"href":"https:\/\/archive.sana.sy\/tr\/index.php?rest_route=\/wp\/v2\/users\/1"}],"replies":[{"embeddable":true,"href":"https:\/\/archive.sana.sy\/tr\/index.php?rest_route=%2Fwp%2Fv2%2Fcomments&post=224148"}],"version-history":[{"count":0,"href":"https:\/\/archive.sana.sy\/tr\/index.php?rest_route=\/wp\/v2\/posts\/224148\/revisions"}],"wp:featuredmedia":[{"embeddable":true,"href":"https:\/\/archive.sana.sy\/tr\/index.php?rest_route=\/wp\/v2\/media\/224149"}],"wp:attachment":[{"href":"https:\/\/archive.sana.sy\/tr\/index.php?rest_route=%2Fwp%2Fv2%2Fmedia&parent=224148"}],"wp:term":[{"taxonomy":"category","embeddable":true,"href":"https:\/\/archive.sana.sy\/tr\/index.php?rest_route=%2Fwp%2Fv2%2Fcategories&post=224148"},{"taxonomy":"post_tag","embeddable":true,"href":"https:\/\/archive.sana.sy\/tr\/index.php?rest_route=%2Fwp%2Fv2%2Ftags&post=224148"}],"curies":[{"name":"wp","href":"https:\/\/api.w.org\/{rel}","templated":true}]}}