{"id":224151,"date":"2020-12-11T19:23:28","date_gmt":"2020-12-11T17:23:28","guid":{"rendered":"http:\/\/107.6.182.27\/tr\/?p=224151"},"modified":"2020-12-12T08:46:19","modified_gmt":"2020-12-12T06:46:19","slug":"tartusta-agaclandirma-kampanyasi","status":"publish","type":"post","link":"https:\/\/archive.sana.sy\/tr\/?p=224151","title":{"rendered":"Tartus\u2019ta A\u011fa\u00e7land\u0131rma Kampanyas\u0131"},"content":{"rendered":"<p>TARTUS \u2013 Tartus Tar\u0131m M\u00fcd\u00fcrl\u00fc\u011f\u00fc, resmi ve toplumsal kurullar\u0131n kat\u0131l\u0131m\u0131yla ge\u00e7en iki y\u0131l s\u00fcresince yang\u0131na maruz kalan b\u00f6lgelerin yeniden a\u011fa\u00e7land\u0131rmaya devam ediyor.<\/p>\n<p>Bu \u00e7er\u00e7evede Suveyda ili \u015eeyhlerinin delegesi kat\u0131l\u0131m\u0131yla Hurba beldesine ait Cebel Fereh mevkiinde bir a\u011fa\u00e7land\u0131rma kampanyas\u0131 ba\u015flatt\u0131.<\/p>\n<p>\u0130lin Tar\u0131m M\u00fcd\u00fcr\u00fc M\u00fch. Ali Yunus SANA\u2019ya a\u00e7\u0131klamas\u0131nda, a\u011fa\u00e7land\u0131r\u0131lmas\u0131 planlanan mevkiin y\u00fcz\u00f6l\u00e7\u00fcm\u00fc 50 hektar oldu\u011fu, s\u00f6zkonusu kampanyada ise yang\u0131na maruz kalan 5 d\u00f6n\u00fcml\u00fck arazi 2000 fidan dikildi\u011fini belirtti.<\/p>\n<p>&nbsp;<\/p>\n","protected":false},"excerpt":{"rendered":"<p>TARTUS \u2013 Tartus Tar\u0131m M\u00fcd\u00fcrl\u00fc\u011f\u00fc, resmi ve toplumsal kurullar\u0131n kat\u0131l\u0131m\u0131yla ge\u00e7en iki y\u0131l s\u00fcresince yang\u0131na maruz kalan b\u00f6lgelerin yeniden a\u011fa\u00e7land\u0131rmaya devam ediyor. Bu \u00e7er\u00e7evede Suveyda ili \u015eeyhlerinin delegesi kat\u0131l\u0131m\u0131yla Hurba beldesine ait Cebel Fereh mevkiinde bir a\u011fa\u00e7land\u0131rma kampanyas\u0131 ba\u015flatt\u0131. \u0130lin Tar\u0131m M\u00fcd\u00fcr\u00fc M\u00fch. Ali Yunus SANA\u2019ya a\u00e7\u0131klamas\u0131nda, a\u011fa\u00e7land\u0131r\u0131lmas\u0131 planlanan mevkiin y\u00fcz\u00f6l\u00e7\u00fcm\u00fc 50 hektar oldu\u011fu, s\u00f6zkonusu &hellip;<\/p>\n","protected":false},"author":1,"featured_media":224152,"comment_status":"closed","ping_status":"closed","sticky":false,"template":"","format":"standard","meta":{"footnotes":""},"categories":[485,486,479,17988,478],"tags":[],"class_list":["post-224151","post","type-post","status-publish","format-standard","has-post-thumbnail","","category-is-ve-sermaye","category-haberler-is-ve-sermaye","category-haberler-yerel","category-son-haberler","category-yerel"],"_links":{"self":[{"href":"https:\/\/archive.sana.sy\/tr\/index.php?rest_route=\/wp\/v2\/posts\/224151","targetHints":{"allow":["GET"]}}],"collection":[{"href":"https:\/\/archive.sana.sy\/tr\/index.php?rest_route=\/wp\/v2\/posts"}],"about":[{"href":"https:\/\/archive.sana.sy\/tr\/index.php?rest_route=\/wp\/v2\/types\/post"}],"author":[{"embeddable":true,"href":"https:\/\/archive.sana.sy\/tr\/index.php?rest_route=\/wp\/v2\/users\/1"}],"replies":[{"embeddable":true,"href":"https:\/\/archive.sana.sy\/tr\/index.php?rest_route=%2Fwp%2Fv2%2Fcomments&post=224151"}],"version-history":[{"count":0,"href":"https:\/\/archive.sana.sy\/tr\/index.php?rest_route=\/wp\/v2\/posts\/224151\/revisions"}],"wp:featuredmedia":[{"embeddable":true,"href":"https:\/\/archive.sana.sy\/tr\/index.php?rest_route=\/wp\/v2\/media\/224152"}],"wp:attachment":[{"href":"https:\/\/archive.sana.sy\/tr\/index.php?rest_route=%2Fwp%2Fv2%2Fmedia&parent=224151"}],"wp:term":[{"taxonomy":"category","embeddable":true,"href":"https:\/\/archive.sana.sy\/tr\/index.php?rest_route=%2Fwp%2Fv2%2Fcategories&post=224151"},{"taxonomy":"post_tag","embeddable":true,"href":"https:\/\/archive.sana.sy\/tr\/index.php?rest_route=%2Fwp%2Fv2%2Ftags&post=224151"}],"curies":[{"name":"wp","href":"https:\/\/api.w.org\/{rel}","templated":true}]}}