{"id":224170,"date":"2020-12-11T20:28:34","date_gmt":"2020-12-11T18:28:34","guid":{"rendered":"http:\/\/107.6.182.27\/tr\/?p=224170"},"modified":"2020-12-13T08:10:09","modified_gmt":"2020-12-13T06:10:09","slug":"haseke-kirsali-dirbasiye-kentinde-bir-bombanin-patlamasiyla-1-kiz-cocugu-sehit-digeri-yarali-oldu","status":"publish","type":"post","link":"https:\/\/archive.sana.sy\/tr\/?p=224170","title":{"rendered":"Haseke K\u0131rsal\u0131 D\u0131rbasiye Kentinde Bir Bomban\u0131n Patlamas\u0131yla 1 K\u0131z \u00c7ocu\u011fu \u015eehit Di\u011feri Yaral\u0131 Oldu"},"content":{"rendered":"<p>HASEKE &#8211; Haseke K\u0131rsal\u0131 D\u0131rbasiye kentinde bir araba civar\u0131nda meyadana gelen bir bomban\u0131n patlamas\u0131yla 1 k\u0131z \u00e7ocu\u011fu \u015eehit di\u011feri yaral\u0131 oldu.<\/p>\n<p>SANA muhabirine yerel kaynaklar, infilak eden bomban\u0131n bir ses bombas\u0131 oldu\u011fu, ancak \u015farapnel ile yaralanan k\u0131z \u00e7ocuklar\u0131 Kam\u0131\u015fl\u0131 kenti hastanesine kald\u0131r\u0131lmas\u0131na ra\u011fmen birisinin kurtar\u0131lamad\u0131\u011f\u0131n\u0131 ifade etti.<\/p>\n<p>&nbsp;<\/p>\n","protected":false},"excerpt":{"rendered":"<p>HASEKE &#8211; Haseke K\u0131rsal\u0131 D\u0131rbasiye kentinde bir araba civar\u0131nda meyadana gelen bir bomban\u0131n patlamas\u0131yla 1 k\u0131z \u00e7ocu\u011fu \u015eehit di\u011feri yaral\u0131 oldu. SANA muhabirine yerel kaynaklar, infilak eden bomban\u0131n bir ses bombas\u0131 oldu\u011fu, ancak \u015farapnel ile yaralanan k\u0131z \u00e7ocuklar\u0131 Kam\u0131\u015fl\u0131 kenti hastanesine kald\u0131r\u0131lmas\u0131na ra\u011fmen birisinin kurtar\u0131lamad\u0131\u011f\u0131n\u0131 ifade etti. &nbsp;<\/p>\n","protected":false},"author":1,"featured_media":224171,"comment_status":"closed","ping_status":"closed","sticky":false,"template":"","format":"standard","meta":{"footnotes":""},"categories":[479,575,17988,478],"tags":[],"class_list":["post-224170","post","type-post","status-publish","format-standard","has-post-thumbnail","","category-haberler-yerel","category-olaylar-ve-gercekler","category-son-haberler","category-yerel"],"_links":{"self":[{"href":"https:\/\/archive.sana.sy\/tr\/index.php?rest_route=\/wp\/v2\/posts\/224170","targetHints":{"allow":["GET"]}}],"collection":[{"href":"https:\/\/archive.sana.sy\/tr\/index.php?rest_route=\/wp\/v2\/posts"}],"about":[{"href":"https:\/\/archive.sana.sy\/tr\/index.php?rest_route=\/wp\/v2\/types\/post"}],"author":[{"embeddable":true,"href":"https:\/\/archive.sana.sy\/tr\/index.php?rest_route=\/wp\/v2\/users\/1"}],"replies":[{"embeddable":true,"href":"https:\/\/archive.sana.sy\/tr\/index.php?rest_route=%2Fwp%2Fv2%2Fcomments&post=224170"}],"version-history":[{"count":0,"href":"https:\/\/archive.sana.sy\/tr\/index.php?rest_route=\/wp\/v2\/posts\/224170\/revisions"}],"wp:featuredmedia":[{"embeddable":true,"href":"https:\/\/archive.sana.sy\/tr\/index.php?rest_route=\/wp\/v2\/media\/224171"}],"wp:attachment":[{"href":"https:\/\/archive.sana.sy\/tr\/index.php?rest_route=%2Fwp%2Fv2%2Fmedia&parent=224170"}],"wp:term":[{"taxonomy":"category","embeddable":true,"href":"https:\/\/archive.sana.sy\/tr\/index.php?rest_route=%2Fwp%2Fv2%2Fcategories&post=224170"},{"taxonomy":"post_tag","embeddable":true,"href":"https:\/\/archive.sana.sy\/tr\/index.php?rest_route=%2Fwp%2Fv2%2Ftags&post=224170"}],"curies":[{"name":"wp","href":"https:\/\/api.w.org\/{rel}","templated":true}]}}