{"id":224173,"date":"2020-12-11T20:44:53","date_gmt":"2020-12-11T18:44:53","guid":{"rendered":"http:\/\/107.6.182.27\/tr\/?p=224173"},"modified":"2020-12-13T08:10:12","modified_gmt":"2020-12-13T06:10:12","slug":"bir-sayida-dsg-milisi-rakka-kirsalinda-hareket-eksenlerini-hedef-alinirken-olduruldu","status":"publish","type":"post","link":"https:\/\/archive.sana.sy\/tr\/?p=224173","title":{"rendered":"Bir Say\u0131da DSG Milisi, Rakka K\u0131rsal\u0131nda Hareket Eksenlerini Hedef Al\u0131n\u0131rken \u00d6ld\u00fcr\u00fcld\u00fc."},"content":{"rendered":"<p>RAKKA \u2013ABD i\u015fgal g\u00fc\u00e7lerine ba\u011fl\u0131 DSG milislerinin \u00a0Rakka k\u0131rsal\u0131nda hareket eksenlerine me\u00e7hul ki\u015filerce d\u00fczenlene farkl\u0131 sald\u0131r\u0131lar sonucunda 2 milis \u00f6ld\u00fcr\u00fcld\u00fc bir\u00e7o\u011fu da yaraland\u0131.<\/p>\n<p>Yerel Kaynaklar SANA Muhabirine, Rakka bat\u0131s\u0131 S\u0131fsafe kav\u015fa\u011f\u0131nda DSG\u2019ine ait bir askeri arac\u0131n hedef al\u0131nmas\u0131 sonucunda 2 milisin \u00f6ld\u00fcr\u00fcld\u00fc\u011f\u00fcn\u00fc ifade etti.<\/p>\n<p>Kaynaklar, Selhebiye yolunda da DSG\u2019ine ait di\u011fer bir askeri ara\u00e7ta infilak eden bomba ile bir\u00e7ok milisin yaraland\u0131\u011f\u0131n\u0131 belirtti.<\/p>\n<p>Kentin do\u011fusunda da bir bomba d\u00fczene\u011fi ile hedef al\u0131nan di\u011fer DSG arac\u0131nda bir\u00e7ok milis yaraland\u0131. \u0130lin kuzeyinde de daha \u00f6nce ba\u015fka bir araca yerle\u015ftirilen bir bomba d\u00fczene\u011finin infilak etmesiyle bir\u00e7ok milis yaralanm\u0131\u015ft\u0131.<\/p>\n<p>&nbsp;<\/p>\n","protected":false},"excerpt":{"rendered":"<p>RAKKA \u2013ABD i\u015fgal g\u00fc\u00e7lerine ba\u011fl\u0131 DSG milislerinin \u00a0Rakka k\u0131rsal\u0131nda hareket eksenlerine me\u00e7hul ki\u015filerce d\u00fczenlene farkl\u0131 sald\u0131r\u0131lar sonucunda 2 milis \u00f6ld\u00fcr\u00fcld\u00fc bir\u00e7o\u011fu da yaraland\u0131. Yerel Kaynaklar SANA Muhabirine, Rakka bat\u0131s\u0131 S\u0131fsafe kav\u015fa\u011f\u0131nda DSG\u2019ine ait bir askeri arac\u0131n hedef al\u0131nmas\u0131 sonucunda 2 milisin \u00f6ld\u00fcr\u00fcld\u00fc\u011f\u00fcn\u00fc ifade etti. Kaynaklar, Selhebiye yolunda da DSG\u2019ine ait di\u011fer bir askeri ara\u00e7ta infilak &hellip;<\/p>\n","protected":false},"author":1,"featured_media":224174,"comment_status":"closed","ping_status":"closed","sticky":false,"template":"","format":"standard","meta":{"footnotes":""},"categories":[479,575,478],"tags":[],"class_list":["post-224173","post","type-post","status-publish","format-standard","has-post-thumbnail","","category-haberler-yerel","category-olaylar-ve-gercekler","category-yerel"],"_links":{"self":[{"href":"https:\/\/archive.sana.sy\/tr\/index.php?rest_route=\/wp\/v2\/posts\/224173","targetHints":{"allow":["GET"]}}],"collection":[{"href":"https:\/\/archive.sana.sy\/tr\/index.php?rest_route=\/wp\/v2\/posts"}],"about":[{"href":"https:\/\/archive.sana.sy\/tr\/index.php?rest_route=\/wp\/v2\/types\/post"}],"author":[{"embeddable":true,"href":"https:\/\/archive.sana.sy\/tr\/index.php?rest_route=\/wp\/v2\/users\/1"}],"replies":[{"embeddable":true,"href":"https:\/\/archive.sana.sy\/tr\/index.php?rest_route=%2Fwp%2Fv2%2Fcomments&post=224173"}],"version-history":[{"count":0,"href":"https:\/\/archive.sana.sy\/tr\/index.php?rest_route=\/wp\/v2\/posts\/224173\/revisions"}],"wp:featuredmedia":[{"embeddable":true,"href":"https:\/\/archive.sana.sy\/tr\/index.php?rest_route=\/wp\/v2\/media\/224174"}],"wp:attachment":[{"href":"https:\/\/archive.sana.sy\/tr\/index.php?rest_route=%2Fwp%2Fv2%2Fmedia&parent=224173"}],"wp:term":[{"taxonomy":"category","embeddable":true,"href":"https:\/\/archive.sana.sy\/tr\/index.php?rest_route=%2Fwp%2Fv2%2Fcategories&post=224173"},{"taxonomy":"post_tag","embeddable":true,"href":"https:\/\/archive.sana.sy\/tr\/index.php?rest_route=%2Fwp%2Fv2%2Ftags&post=224173"}],"curies":[{"name":"wp","href":"https:\/\/api.w.org\/{rel}","templated":true}]}}