{"id":224674,"date":"2020-12-17T12:51:40","date_gmt":"2020-12-17T10:51:40","guid":{"rendered":"http:\/\/107.6.182.27\/tr\/?p=224674"},"modified":"2020-12-18T09:40:53","modified_gmt":"2020-12-18T07:40:53","slug":"el-mikdad-rusya-ile-iliskilerimiz-stratejik-ve-onlari-guclendirmeye-devam-etmeyi-umuyoruz","status":"publish","type":"post","link":"https:\/\/archive.sana.sy\/tr\/?p=224674","title":{"rendered":"El Mikdad: Rusya \u0130le \u0130li\u015fkilerimiz Stratejik ve Onlar\u0131 G\u00fc\u00e7lendirmeye Devam Etmeyi Umuyoruz"},"content":{"rendered":"<p>MOSKOVA \u2013 D\u0131\u015fi\u015fleri ve Gurbet\u00e7iler Bakan\u0131 Dr. Feysal el Mikdad, Suriye ile Rusya aras\u0131ndaki stratejik ili\u015fkilerin derinli\u011fini yinelerken, \u0130ki dost halk\u0131n ve \u00fclkenin menfaatine olacak \u015fekilde onu tan\u0131tmada ilerlemenin \u00f6nemine i\u015faret etti.<\/p>\n<p>El Mikdad, bug\u00fcn Moskova&#8217;da Rus mevkida\u015f\u0131 Sergey Lavrov ile yapt\u0131\u011f\u0131 g\u00f6r\u00fc\u015fmede, Moskova ziyaretinin, Cumhurba\u015fkan\u0131 Be\u015far Esad ve Cumhurba\u015fkan\u0131 Vladimir Putin&#8217;in y\u00f6nlendirmelerinin uygulanmas\u0131nda iki dost \u00fclke aras\u0131ndaki ikili ili\u015fkileri derinle\u015ftirmeyi ama\u00e7lad\u0131\u011f\u0131n\u0131 belirtti.<\/p>\n<p>El Mikdad, ter\u00f6rizme kar\u015f\u0131 sava\u015f\u0131nda Suriye&#8217;nin yan\u0131nda oldu\u011fu i\u00e7in Rusya&#8217;ya te\u015fekk\u00fcr ederken, iki \u00fclkenin stratejik hedefinin aralar\u0131ndaki se\u00e7kin ili\u015fkileri g\u00fc\u00e7lendirmek i\u00e7in her zaman ilerlemek oldu\u011funu i\u015faret etti.<\/p>\n<p>\u00c7eviri: M.Y<\/p>\n<div id='gallery-1' class='gallery galleryid-224674 gallery-columns-1 gallery-size-full'><figure class='gallery-item'>\n\t\t\t<div class='gallery-icon landscape'>\n\t\t\t\t<a href='https:\/\/archive.sana.sy\/tr\/wp-content\/uploads\/2020\/12\/photo_2020-12-17_11-54-48-2.jpg'><img loading=\"lazy\" decoding=\"async\" width=\"660\" height=\"450\" src=\"https:\/\/archive.sana.sy\/tr\/wp-content\/uploads\/2020\/12\/photo_2020-12-17_11-54-48-2.jpg\" class=\"attachment-full size-full\" alt=\"\" srcset=\"https:\/\/archive.sana.sy\/tr\/wp-content\/uploads\/2020\/12\/photo_2020-12-17_11-54-48-2.jpg 660w, https:\/\/archive.sana.sy\/tr\/wp-content\/uploads\/2020\/12\/photo_2020-12-17_11-54-48-2-300x205.jpg 300w, https:\/\/archive.sana.sy\/tr\/wp-content\/uploads\/2020\/12\/photo_2020-12-17_11-54-48-2-150x102.jpg 150w, https:\/\/archive.sana.sy\/tr\/wp-content\/uploads\/2020\/12\/photo_2020-12-17_11-54-48-2-110x75.jpg 110w\" sizes=\"auto, (max-width: 660px) 100vw, 660px\" \/><\/a>\n\t\t\t<\/div><\/figure><figure class='gallery-item'>\n\t\t\t<div class='gallery-icon landscape'>\n\t\t\t\t<a href='https:\/\/archive.sana.sy\/tr\/wp-content\/uploads\/2020\/12\/photo_2020-12-17_11-54-49-2.jpg'><img loading=\"lazy\" decoding=\"async\" width=\"660\" height=\"413\" src=\"https:\/\/archive.sana.sy\/tr\/wp-content\/uploads\/2020\/12\/photo_2020-12-17_11-54-49-2.jpg\" class=\"attachment-full size-full\" alt=\"\" srcset=\"https:\/\/archive.sana.sy\/tr\/wp-content\/uploads\/2020\/12\/photo_2020-12-17_11-54-49-2.jpg 660w, https:\/\/archive.sana.sy\/tr\/wp-content\/uploads\/2020\/12\/photo_2020-12-17_11-54-49-2-300x188.jpg 300w, https:\/\/archive.sana.sy\/tr\/wp-content\/uploads\/2020\/12\/photo_2020-12-17_11-54-49-2-150x94.jpg 150w\" sizes=\"auto, (max-width: 660px) 100vw, 660px\" \/><\/a>\n\t\t\t<\/div><\/figure><figure class='gallery-item'>\n\t\t\t<div class='gallery-icon landscape'>\n\t\t\t\t<a href='https:\/\/archive.sana.sy\/tr\/wp-content\/uploads\/2020\/12\/photo_2020-12-17_11-54-50.jpg'><img loading=\"lazy\" decoding=\"async\" width=\"660\" height=\"446\" src=\"https:\/\/archive.sana.sy\/tr\/wp-content\/uploads\/2020\/12\/photo_2020-12-17_11-54-50.jpg\" class=\"attachment-full size-full\" alt=\"\" srcset=\"https:\/\/archive.sana.sy\/tr\/wp-content\/uploads\/2020\/12\/photo_2020-12-17_11-54-50.jpg 660w, https:\/\/archive.sana.sy\/tr\/wp-content\/uploads\/2020\/12\/photo_2020-12-17_11-54-50-300x203.jpg 300w, https:\/\/archive.sana.sy\/tr\/wp-content\/uploads\/2020\/12\/photo_2020-12-17_11-54-50-150x101.jpg 150w, https:\/\/archive.sana.sy\/tr\/wp-content\/uploads\/2020\/12\/photo_2020-12-17_11-54-50-110x75.jpg 110w\" sizes=\"auto, (max-width: 660px) 100vw, 660px\" \/><\/a>\n\t\t\t<\/div><\/figure>\n\t\t<\/div>\n\n","protected":false},"excerpt":{"rendered":"<p>MOSKOVA \u2013 D\u0131\u015fi\u015fleri ve Gurbet\u00e7iler Bakan\u0131 Dr. Feysal el Mikdad, Suriye ile Rusya aras\u0131ndaki stratejik ili\u015fkilerin derinli\u011fini yinelerken, \u0130ki dost halk\u0131n ve \u00fclkenin menfaatine olacak \u015fekilde onu tan\u0131tmada ilerlemenin \u00f6nemine i\u015faret etti. El Mikdad, bug\u00fcn Moskova&#8217;da Rus mevkida\u015f\u0131 Sergey Lavrov ile yapt\u0131\u011f\u0131 g\u00f6r\u00fc\u015fmede, Moskova ziyaretinin, Cumhurba\u015fkan\u0131 Be\u015far Esad ve Cumhurba\u015fkan\u0131 Vladimir Putin&#8217;in y\u00f6nlendirmelerinin uygulanmas\u0131nda iki &hellip;<\/p>\n","protected":false},"author":36,"featured_media":224675,"comment_status":"closed","ping_status":"closed","sticky":false,"template":"","format":"standard","meta":{"footnotes":""},"categories":[458,459,17988],"tags":[],"class_list":["post-224674","post","type-post","status-publish","format-standard","has-post-thumbnail","","category-dunya1","category-haberler-arap-uluslararasi-politika","category-son-haberler"],"_links":{"self":[{"href":"https:\/\/archive.sana.sy\/tr\/index.php?rest_route=\/wp\/v2\/posts\/224674","targetHints":{"allow":["GET"]}}],"collection":[{"href":"https:\/\/archive.sana.sy\/tr\/index.php?rest_route=\/wp\/v2\/posts"}],"about":[{"href":"https:\/\/archive.sana.sy\/tr\/index.php?rest_route=\/wp\/v2\/types\/post"}],"author":[{"embeddable":true,"href":"https:\/\/archive.sana.sy\/tr\/index.php?rest_route=\/wp\/v2\/users\/36"}],"replies":[{"embeddable":true,"href":"https:\/\/archive.sana.sy\/tr\/index.php?rest_route=%2Fwp%2Fv2%2Fcomments&post=224674"}],"version-history":[{"count":0,"href":"https:\/\/archive.sana.sy\/tr\/index.php?rest_route=\/wp\/v2\/posts\/224674\/revisions"}],"wp:featuredmedia":[{"embeddable":true,"href":"https:\/\/archive.sana.sy\/tr\/index.php?rest_route=\/wp\/v2\/media\/224675"}],"wp:attachment":[{"href":"https:\/\/archive.sana.sy\/tr\/index.php?rest_route=%2Fwp%2Fv2%2Fmedia&parent=224674"}],"wp:term":[{"taxonomy":"category","embeddable":true,"href":"https:\/\/archive.sana.sy\/tr\/index.php?rest_route=%2Fwp%2Fv2%2Fcategories&post=224674"},{"taxonomy":"post_tag","embeddable":true,"href":"https:\/\/archive.sana.sy\/tr\/index.php?rest_route=%2Fwp%2Fv2%2Ftags&post=224674"}],"curies":[{"name":"wp","href":"https:\/\/api.w.org\/{rel}","templated":true}]}}